{"id":11627,"date":"2026-01-10T16:29:29","date_gmt":"2026-01-10T19:29:29","guid":{"rendered":"https:\/\/www.toque-musicall.com\/?p=11627"},"modified":"2026-01-21T16:30:57","modified_gmt":"2026-01-21T19:30:57","slug":"sonia-lemos-1968","status":"publish","type":"post","link":"https:\/\/www.toque-musicall.com\/?p=11627","title":{"rendered":"Sonia Lemos (1968)"},"content":{"rendered":"\n<figure class=\"wp-block-image size-large\"><img decoding=\"async\" src=\"https:\/\/blogger.googleusercontent.com\/img\/b\/R29vZ2xl\/AVvXsEgWN1w-BLEK0qidMtRE6TXMBgodbR-CNaBJTHDE7iwI6gmwSXaC9h8bqp4bzBiGjcDEIyfSykBogrBM-UzlBWAtZqN7mBbVczrCG0253scT8xmZ0mdVPpx2vDlLi4fMvYr_9B3QOnTTHPCeVWGWZ9arq0KuUI0A5uHQu3RVIHXgpDd75SnPlZ2pcXlLkAGX\/w640-h638\/um%20lado.jpg\" alt=\"\"\/><\/figure>\n\n\n\n<figure class=\"wp-block-image size-large\"><img decoding=\"async\" src=\"https:\/\/blogger.googleusercontent.com\/img\/b\/R29vZ2xl\/AVvXsEg4lWdswj6vr5JYogKuX3HSOKekckaUUypVFym68bcQhUSiNeThg9WvjK1QgGzqSY174uPb2SBDRheLn52nMfhUqWLdo1B_2J0t7RbpzpNb3dO9fwCUOQgiyDhNzy6MfR3UaFKW9j069c_tTal6R1IepEIssJcUBnv0HwHzYb4tbL6Hz-5rwVTrDVmOPPB2\/w640-h634\/outro%20lado.jpg\" alt=\"\"\/><\/figure>\n\n\n<div class=\"separator\">S\u00f4nia Lemos foi uma cantora e compositora que atuou nos anos 60 e 70, conhecida por sua voz e por interpretar artistas como Geraldo Vandr\u00e9. Infelizmente, acabou desaparecendo da m\u00eddia nas d\u00e9cadas seguintes, mas chegou a gravar uns quatro lps. Este compacto, aqui um promocional, abre em 1968 para o lp &#8220;Sonia Lemos e sua viola enluarda&#8221;, disco bem bacana que a qualquer hora a gente publica aqui. Por hora, vamos apenas com o aperitivo&#8230;<\/div>\n<div class=\"separator\">\u00a0<\/div>\n<div class=\"separator\">viola enluarada<\/div>\n<div class=\"separator\">cidade pequenina<\/div>\n<div class=\"separator\">\u00a0<\/div>\n<div class=\"separator\">\u00a0<\/div>\n<div class=\"separator\">.<\/div>","protected":false},"excerpt":{"rendered":"<p>S\u00f4nia Lemos foi uma cantora e compositora que atuou nos anos 60 e 70, conhecida por sua voz e por interpretar artistas como Geraldo Vandr\u00e9. Infelizmente, acabou desaparecendo da m\u00eddia nas d\u00e9cadas seguintes, mas chegou a gravar uns quatro lps. &hellip; <a href=\"https:\/\/www.toque-musicall.com\/?p=11627\">Continue lendo <span class=\"meta-nav\">&rarr;<\/span><\/a><\/p>\n","protected":false},"author":1,"featured_media":0,"comment_status":"closed","ping_status":"closed","sticky":false,"template":"","format":"standard","meta":{"footnotes":""},"categories":[1],"tags":[3072,3012,6154],"class_list":["post-11627","post","type-post","status-publish","format-standard","hentry","category-sem-categoria","tag-compactos","tag-selo-philips","tag-sonia-lemos"],"_links":{"self":[{"href":"https:\/\/www.toque-musicall.com\/index.php?rest_route=\/wp\/v2\/posts\/11627","targetHints":{"allow":["GET"]}}],"collection":[{"href":"https:\/\/www.toque-musicall.com\/index.php?rest_route=\/wp\/v2\/posts"}],"about":[{"href":"https:\/\/www.toque-musicall.com\/index.php?rest_route=\/wp\/v2\/types\/post"}],"author":[{"embeddable":true,"href":"https:\/\/www.toque-musicall.com\/index.php?rest_route=\/wp\/v2\/users\/1"}],"replies":[{"embeddable":true,"href":"https:\/\/www.toque-musicall.com\/index.php?rest_route=%2Fwp%2Fv2%2Fcomments&post=11627"}],"version-history":[{"count":1,"href":"https:\/\/www.toque-musicall.com\/index.php?rest_route=\/wp\/v2\/posts\/11627\/revisions"}],"predecessor-version":[{"id":11628,"href":"https:\/\/www.toque-musicall.com\/index.php?rest_route=\/wp\/v2\/posts\/11627\/revisions\/11628"}],"wp:attachment":[{"href":"https:\/\/www.toque-musicall.com\/index.php?rest_route=%2Fwp%2Fv2%2Fmedia&parent=11627"}],"wp:term":[{"taxonomy":"category","embeddable":true,"href":"https:\/\/www.toque-musicall.com\/index.php?rest_route=%2Fwp%2Fv2%2Fcategories&post=11627"},{"taxonomy":"post_tag","embeddable":true,"href":"https:\/\/www.toque-musicall.com\/index.php?rest_route=%2Fwp%2Fv2%2Ftags&post=11627"}],"curies":[{"name":"wp","href":"https:\/\/api.w.org\/{rel}","templated":true}]}}