{"id":11635,"date":"2026-01-14T19:22:23","date_gmt":"2026-01-14T22:22:23","guid":{"rendered":"https:\/\/www.toque-musicall.com\/?p=11635"},"modified":"2026-01-25T19:24:09","modified_gmt":"2026-01-25T22:24:09","slug":"gereba-1983-2","status":"publish","type":"post","link":"https:\/\/www.toque-musicall.com\/?p=11635","title":{"rendered":"Gereba (1983)"},"content":{"rendered":"\n<figure class=\"wp-block-image size-large\"><img decoding=\"async\" src=\"https:\/\/blogger.googleusercontent.com\/img\/b\/R29vZ2xl\/AVvXsEjKJ_ULg_YG-WEfalcYdxXcnm7Nttr0m7QMdorbkkKYbKrPLd9hlUuW7yBZsLfYpgfjDyCa8X2q9HtH-i0Vh0eXKa84NYOT0pNLx1RtbloKZJqnGyJl7FNjw420maSaAeGa0uVwQEJu4y_nxPDc3uR_1N-wm6kUxsHTl6LvndvnTHC5rFnI-L-HcY_rvZ1l\/w640-h638\/WhatsApp%20Image%202026-01-07%20at%2021.46.04.jpeg\" alt=\"\"\/><\/figure>\n\n\n\n<figure class=\"wp-block-image size-large\"><img decoding=\"async\" src=\"https:\/\/blogger.googleusercontent.com\/img\/b\/R29vZ2xl\/AVvXsEiz_NiijmBVhUzVHaYpEzHJqOUakfXQYlXYx3JUevIusnBV1-Nxhq2ZF1qauIU2P3ZHQQCNHCiWIW6TPLa6hkDP89L4Q9DKzHymgbSiCFGRT0nCPSXRmMc6rJNnQbSTxwAaKKxjJmY-l1mwLxlB944etMMbiuHEPOnQAhDG6VEI9JWgBu1fZJGbVJyFv9G3\/w640-h634\/WhatsApp%20Image%202026-01-07%20at%2021.46.05.jpeg\" alt=\"\"\/><\/figure>\n\n\n<div class=\"separator\">J\u00e1 tivemos aqui nessa mostra de compactos um disco do m\u00fasico baiano Gereba. Na cata sortida de hoje, acabamos puxando mais um. E j\u00e1 que est\u00e1 na m\u00e3o, segue no toque este outro disquinho, compacto simples lan\u00e7ado pela EMI, trazendo sua &#8220;Serenata Eletr\u00f4nica&#8221;. Gereba vem acompanhado da Banda Quebra Gereba, apresentando dois temas animados, dois frevos talvez pensados para o carnaval.<\/div>\n<div class=\"separator\">\u00a0<\/div>\n<div class=\"separator\">serenata eletr\u00f4nica<\/div>\n<div class=\"separator\">doces c\u00e3es vadios<\/div>\n<div class=\"separator\">\u00a0<\/div>\n<div class=\"separator\">\u00a0<\/div>\n<div class=\"separator\">\u00a0<\/div>\n<p>&nbsp;<\/p>","protected":false},"excerpt":{"rendered":"<p>J\u00e1 tivemos aqui nessa mostra de compactos um disco do m\u00fasico baiano Gereba. Na cata sortida de hoje, acabamos puxando mais um. E j\u00e1 que est\u00e1 na m\u00e3o, segue no toque este outro disquinho, compacto simples lan\u00e7ado pela EMI, trazendo &hellip; <a href=\"https:\/\/www.toque-musicall.com\/?p=11635\">Continue lendo <span class=\"meta-nav\">&rarr;<\/span><\/a><\/p>\n","protected":false},"author":1,"featured_media":0,"comment_status":"closed","ping_status":"closed","sticky":false,"template":"","format":"standard","meta":{"footnotes":""},"categories":[1],"tags":[3072,6133,3639],"class_list":["post-11635","post","type-post","status-publish","format-standard","hentry","category-sem-categoria","tag-compactos","tag-gereba","tag-selo-emi"],"_links":{"self":[{"href":"https:\/\/www.toque-musicall.com\/index.php?rest_route=\/wp\/v2\/posts\/11635","targetHints":{"allow":["GET"]}}],"collection":[{"href":"https:\/\/www.toque-musicall.com\/index.php?rest_route=\/wp\/v2\/posts"}],"about":[{"href":"https:\/\/www.toque-musicall.com\/index.php?rest_route=\/wp\/v2\/types\/post"}],"author":[{"embeddable":true,"href":"https:\/\/www.toque-musicall.com\/index.php?rest_route=\/wp\/v2\/users\/1"}],"replies":[{"embeddable":true,"href":"https:\/\/www.toque-musicall.com\/index.php?rest_route=%2Fwp%2Fv2%2Fcomments&post=11635"}],"version-history":[{"count":1,"href":"https:\/\/www.toque-musicall.com\/index.php?rest_route=\/wp\/v2\/posts\/11635\/revisions"}],"predecessor-version":[{"id":11636,"href":"https:\/\/www.toque-musicall.com\/index.php?rest_route=\/wp\/v2\/posts\/11635\/revisions\/11636"}],"wp:attachment":[{"href":"https:\/\/www.toque-musicall.com\/index.php?rest_route=%2Fwp%2Fv2%2Fmedia&parent=11635"}],"wp:term":[{"taxonomy":"category","embeddable":true,"href":"https:\/\/www.toque-musicall.com\/index.php?rest_route=%2Fwp%2Fv2%2Fcategories&post=11635"},{"taxonomy":"post_tag","embeddable":true,"href":"https:\/\/www.toque-musicall.com\/index.php?rest_route=%2Fwp%2Fv2%2Ftags&post=11635"}],"curies":[{"name":"wp","href":"https:\/\/api.w.org\/{rel}","templated":true}]}}