{"id":11637,"date":"2026-01-15T21:11:08","date_gmt":"2026-01-16T00:11:08","guid":{"rendered":"https:\/\/www.toque-musicall.com\/?p=11637"},"modified":"2026-01-25T21:15:29","modified_gmt":"2026-01-26T00:15:29","slug":"djalma-lucio-1967","status":"publish","type":"post","link":"https:\/\/www.toque-musicall.com\/?p=11637","title":{"rendered":"Djalma L\u00facio (1967)"},"content":{"rendered":"\n<figure class=\"wp-block-image size-large\"><img decoding=\"async\" src=\"https:\/\/blogger.googleusercontent.com\/img\/b\/R29vZ2xl\/AVvXsEiYq79tHj0ZcWv1LxABkeQzsh5y6I_qb8OcVmM6SGeAXxZn3fciCze3rbh1-Dcn2jDrSeUo0aRU70qIg4Gv0AwJq660Go475qlR4a8af22fgGmBTTQ5fhIk3I5CPvzKvIdSu6yRBYeGCu-qEVqWT0pRuPLkHLd2m767qvpYFrVVTGH-bGqW4kHZM63mYfrZ\/w640-h636\/WhatsApp%20Image%202025-12-27%20at%2014.01.11.jpeg\" alt=\"\"\/><\/figure>\n\n\n\n<figure class=\"wp-block-image size-large\"><img decoding=\"async\" src=\"https:\/\/blogger.googleusercontent.com\/img\/b\/R29vZ2xl\/AVvXsEiHUeDmwGg44UKvCRLqloINzqEkKBXim1rB9-iIKdXFHymdBVKDjfymOksBSzd0XC8bcnUh_QhVyERaWkM__XFcX2NUwd9IUtSDCRlGCkeOUqRMT9JygYKEmm5on1BzfFD-V0dm0BhZx0KvCSVQF776FTEGKT-SbAzh75ULIB2JXT18zPozJr5qHlKM1fCj\/w640-h638\/WhatsApp%20Image%202025-12-27%20at%2014.01.14.jpeg\" alt=\"\"\/><\/figure>\n\n\n<div class=\"separator\">Seguindo em nossa mostra de compactos, temos agora o Djalma L\u00facio, um cantor rom\u00e2ntico que atuou durante os anos 60 e 70. Iniciou a carreira em Belo Horizonte, cantando em programas de audit\u00f3rio. Foi convidado por um produtor para gravar um disco pelo selo Philips. Gravou um compacto e em seguida um lp. Sem muito sucesso, acabou indo para S\u00e3o Paulo onde passou a se apresentar em casas noturnas. Logo em seguida conseguiu um contrato com a RCA Victor onde viria a gravar uns tr\u00eas ou quatro compactos, sendo este que apresentamos o primeiro. Pelo texto de contracapa nota-se que Djalma L\u00facio era uma boa aposta de sucesso. E ele realmente seguiu cantando, gravando outros tantos discos e por diferentes selos. Atuou tamb\u00e9m como ator, locutor e radialista. Passou os anos 70 e 80 trabalhando na televis\u00e3o, principalmente ao lado de Silvio Santos. Em um determinado momento da vida, resolveu abandonar tudo, aposentou-se da carreira art\u00edstica e foi viajar. Ao que parece, veio a falecer em 2023.<\/div>\n<div class=\"separator\">\u00a0<\/div>\n<div class=\"separator\">a imensid\u00e3o<\/div>\n<div class=\"separator\">s\u00f3 perten\u00e7o a voc\u00ea<\/div>\n<div class=\"separator\">\u00a0<\/div>\n<div class=\"separator\">\u00a0<\/div>\n<div class=\"separator\">.\u00a0<\/div>","protected":false},"excerpt":{"rendered":"<p>Seguindo em nossa mostra de compactos, temos agora o Djalma L\u00facio, um cantor rom\u00e2ntico que atuou durante os anos 60 e 70. Iniciou a carreira em Belo Horizonte, cantando em programas de audit\u00f3rio. Foi convidado por um produtor para gravar &hellip; <a href=\"https:\/\/www.toque-musicall.com\/?p=11637\">Continue lendo <span class=\"meta-nav\">&rarr;<\/span><\/a><\/p>\n","protected":false},"author":1,"featured_media":0,"comment_status":"closed","ping_status":"closed","sticky":false,"template":"","format":"standard","meta":{"footnotes":""},"categories":[1],"tags":[3072,6157,3061],"class_list":["post-11637","post","type-post","status-publish","format-standard","hentry","category-sem-categoria","tag-compactos","tag-djalma-lucio","tag-selo-rca-victor"],"_links":{"self":[{"href":"https:\/\/www.toque-musicall.com\/index.php?rest_route=\/wp\/v2\/posts\/11637","targetHints":{"allow":["GET"]}}],"collection":[{"href":"https:\/\/www.toque-musicall.com\/index.php?rest_route=\/wp\/v2\/posts"}],"about":[{"href":"https:\/\/www.toque-musicall.com\/index.php?rest_route=\/wp\/v2\/types\/post"}],"author":[{"embeddable":true,"href":"https:\/\/www.toque-musicall.com\/index.php?rest_route=\/wp\/v2\/users\/1"}],"replies":[{"embeddable":true,"href":"https:\/\/www.toque-musicall.com\/index.php?rest_route=%2Fwp%2Fv2%2Fcomments&post=11637"}],"version-history":[{"count":1,"href":"https:\/\/www.toque-musicall.com\/index.php?rest_route=\/wp\/v2\/posts\/11637\/revisions"}],"predecessor-version":[{"id":11638,"href":"https:\/\/www.toque-musicall.com\/index.php?rest_route=\/wp\/v2\/posts\/11637\/revisions\/11638"}],"wp:attachment":[{"href":"https:\/\/www.toque-musicall.com\/index.php?rest_route=%2Fwp%2Fv2%2Fmedia&parent=11637"}],"wp:term":[{"taxonomy":"category","embeddable":true,"href":"https:\/\/www.toque-musicall.com\/index.php?rest_route=%2Fwp%2Fv2%2Fcategories&post=11637"},{"taxonomy":"post_tag","embeddable":true,"href":"https:\/\/www.toque-musicall.com\/index.php?rest_route=%2Fwp%2Fv2%2Ftags&post=11637"}],"curies":[{"name":"wp","href":"https:\/\/api.w.org\/{rel}","templated":true}]}}