{"id":1175,"date":"2009-06-08T03:09:00","date_gmt":"2009-06-08T03:09:00","guid":{"rendered":"http:\/\/www.toque-musicall.com\/?p=1175"},"modified":"2020-05-06T06:22:40","modified_gmt":"2020-05-06T09:22:40","slug":"herbie-mann-bossa-nova-com-herbie-mann-1962","status":"publish","type":"post","link":"https:\/\/www.toque-musicall.com\/?p=1175","title":{"rendered":"Herbie Mann &#8211; Bossa Nova Com Herbie Mann (1962)"},"content":{"rendered":"<p><a href=\"http:\/\/3.bp.blogspot.com\/_DSKVEvHtskc\/SiyA8CUcliI\/AAAAAAAAD7M\/IO16IybjVU0\/s1600-h\/Herbie+Mann+P.JPG\"><img decoding=\"async\" id=\"BLOGGER_PHOTO_ID_5344788626685072930\" class=\"\" style=\"display: block; margin: 0px auto 10px; text-align: center; width: 610px; height: 659px;\" src=\"http:\/\/3.bp.blogspot.com\/_DSKVEvHtskc\/SiyA8CUcliI\/AAAAAAAAD7M\/IO16IybjVU0\/s400\/Herbie+Mann+P.JPG\" alt=\"\" border=\"0\" \/><\/a>Ol\u00e1, amigos cultos e ocultos! Hoje estamos chegando bem mais cedo e o dia vai ser longo para mim. Como eu j\u00e1 havia comentado, o samba est\u00e1 em todas. E quase sempre topamos com ele em discos de m\u00fasica brasileira. Da\u00ed, n\u00e3o reparem ou fiquem acreditando que eu estendi a tem\u00e1tica por mais uma semana. O samba vai e volta&#8230; Para come\u00e7armos de bem com a segunda-feira, estou trazendo um \u00e1lbum nota 10 de bossa nova. Temos aqui o flautista americano Herbie Mann, um dos maiores nomes do instrumento no mundo do jazz. O cara j\u00e1 gravou de tudo e com todo mundo, mas uma de suas grandes paix\u00f5es foi a bossa nova, que ele conheceu em 1961, quando esteve pela primeira vez no Brasil. No ano seguinte ele voltaria ao pa\u00eds para gravar este disco, que segundo o pr\u00f3prio, seria uma mostra da verdadeira Bossa Nova. Para o instrumentista, tocar a m\u00fasica brasileira aut\u00eantica s\u00f3 se faz ao lado de m\u00fasicos brasileiros. E assim, para fazer com que este disco soasse verdadeiramente como bossa, ele escalou os donos da bola &#8211; Tom Jobim, Baden Powell, Sergio Mendes, Paulo Moura, Durval Ferreira, Luis Carlos Vinhas e muitos outros. Tocaram com ele cinco diferentes conjuntos instrumetais. No repert\u00f3rio, apenas &#8220;Blues Walk&#8221; de Clifforf Brown e &#8220;Old Bossa&#8221; de Herbie s\u00e3o os temas internacionais, no mais \u00e9 tudo Brasil. Um fato interessante neste disco \u00e9 a presen\u00e7a de Tom Jobim cantando o seu &#8220;Samba de uma nota s\u00f3&#8221; ou aqui, &#8220;One note samba&#8221;. Segundo as fontes, foi a primeira vez que ele gravou como cantor solista. E esta \u00e9 a \u00fanica faixa que n\u00e3o \u00e9 instrumental. Sem sombras de d\u00favidas, um disca\u00e7o! Confiram a\u00ed e comentem depois \ud83d\ude09<\/p>\n<div>\n<div><\/div>\n<div style=\"text-align: center;\">deve ser amor<\/div>\n<div style=\"text-align: center;\">menina feia<\/div>\n<div style=\"text-align: center;\">amor em paz<\/div>\n<div style=\"text-align: center;\">voc\u00ea e eu<\/div>\n<div style=\"text-align: center;\">one note samba<\/div>\n<div style=\"text-align: center;\">blues walk<\/div>\n<div style=\"text-align: center;\">consola\u00e7\u00e3o<\/div>\n<div style=\"text-align: center;\">bossa velha<\/div>\n<\/div>\n<div><\/div>\n<div><\/div>\n<div><\/div>\n<div>.<\/div>\n<div>\n<div style=\"text-align: center;\"><\/div>\n<div style=\"text-align: center;\"><\/div>\n<\/div>\n","protected":false},"excerpt":{"rendered":"<p>Ol\u00e1, amigos cultos e ocultos! Hoje estamos chegando bem mais cedo e o dia vai ser longo para mim. Como eu j\u00e1 havia comentado, o samba est\u00e1 em todas. E quase sempre topamos com ele em discos de m\u00fasica brasileira. &hellip; <a href=\"https:\/\/www.toque-musicall.com\/?p=1175\">Continue lendo <span class=\"meta-nav\">&rarr;<\/span><\/a><\/p>\n","protected":false},"author":1,"featured_media":0,"comment_status":"open","ping_status":"closed","sticky":false,"template":"","format":"standard","meta":{"footnotes":""},"categories":[1433],"tags":[3628],"class_list":["post-1175","post","type-post","status-publish","format-standard","hentry","category-herbie-mann","tag-herbie-mann"],"_links":{"self":[{"href":"https:\/\/www.toque-musicall.com\/index.php?rest_route=\/wp\/v2\/posts\/1175","targetHints":{"allow":["GET"]}}],"collection":[{"href":"https:\/\/www.toque-musicall.com\/index.php?rest_route=\/wp\/v2\/posts"}],"about":[{"href":"https:\/\/www.toque-musicall.com\/index.php?rest_route=\/wp\/v2\/types\/post"}],"author":[{"embeddable":true,"href":"https:\/\/www.toque-musicall.com\/index.php?rest_route=\/wp\/v2\/users\/1"}],"replies":[{"embeddable":true,"href":"https:\/\/www.toque-musicall.com\/index.php?rest_route=%2Fwp%2Fv2%2Fcomments&post=1175"}],"version-history":[{"count":1,"href":"https:\/\/www.toque-musicall.com\/index.php?rest_route=\/wp\/v2\/posts\/1175\/revisions"}],"predecessor-version":[{"id":7411,"href":"https:\/\/www.toque-musicall.com\/index.php?rest_route=\/wp\/v2\/posts\/1175\/revisions\/7411"}],"wp:attachment":[{"href":"https:\/\/www.toque-musicall.com\/index.php?rest_route=%2Fwp%2Fv2%2Fmedia&parent=1175"}],"wp:term":[{"taxonomy":"category","embeddable":true,"href":"https:\/\/www.toque-musicall.com\/index.php?rest_route=%2Fwp%2Fv2%2Fcategories&post=1175"},{"taxonomy":"post_tag","embeddable":true,"href":"https:\/\/www.toque-musicall.com\/index.php?rest_route=%2Fwp%2Fv2%2Ftags&post=1175"}],"curies":[{"name":"wp","href":"https:\/\/api.w.org\/{rel}","templated":true}]}}