{"id":11754,"date":"2026-03-07T18:03:28","date_gmt":"2026-03-07T21:03:28","guid":{"rendered":"https:\/\/www.toque-musicall.com\/?p=11754"},"modified":"2026-03-12T19:32:30","modified_gmt":"2026-03-12T22:32:30","slug":"cipo-e-academia-de-samba-imperial-ritmo-1973","status":"publish","type":"post","link":"https:\/\/www.toque-musicall.com\/?p=11754","title":{"rendered":"Cip\u00f3 E Academia De Samba Imperial &#8211; Ritmo (1973)"},"content":{"rendered":"\n<figure class=\"wp-block-image size-large\"><img decoding=\"async\" src=\"https:\/\/blogger.googleusercontent.com\/img\/b\/R29vZ2xl\/AVvXsEhbcFjMNLiUuY-uYnYmTZV_oGIR3UU5x8mQK7bGITomU9vKOcXrAwuRj_PNW2Mje-ED0hf7f2v2dO-BMqlcxyN_SbGaRqWGaBAGtmfCv35O4OBRqz5fv4dGt9sWZ57ygF4oAM0H5sY5a5Wgzp-yzLVSqKRgXjDhk8ErHkfGTnOnGmd7MENdWmZk7KJRL6NR\/w626-h640\/Capturar.JPG\" alt=\"\"\/><\/figure>\n\n\n\n<figure class=\"wp-block-image size-large\"><img decoding=\"async\" src=\"https:\/\/blogger.googleusercontent.com\/img\/b\/R29vZ2xl\/AVvXsEiRBPbZXZHQjEbvWe-Ho5DVdf4Dccxqvuv9F_NYOJ4z_r79mCwXy2Ze_NpWr3HmIlDG7EFp52DPKXQjgwOtJRD2v2vPUCvZpSCspFQaoJVeuG0JjpcMBJ4TwxbWGBpDnfCEyx2g3FlRcg9ihYMwWQc8nvZ5_6WpM7HIPfUxrrQs_Wrf1HWqv1mBi7ixbL9a\/w640-h634\/Capturarb.JPG\" alt=\"\"\/><\/figure>\n\n\n<div class=\"separator\">Disc\u00e3o maravilhoso que n\u00f3s ainda n\u00e3o hav\u00edamos postado. Como diz Roberto Carlos, &#8216;s\u00e3o tantas emo\u00e7\u00f5es&#8217; que a gente as vezes at\u00e9 esquece o que j\u00e1 foi postado. Este lp foi lan\u00e7ado em 1973 pelo selo Imperial, da Odeon, em 1973. \u00c9 um aut\u00eantico registro de cl\u00e1ssicos do samba raiz e ritmos de bateria, focado na energia percussiva das escolas de samba. No comando, o maestro Cip\u00f3, renomado percussionista e arranjador, conhecido por liderar grupos que valorizavam a batucada de alta qualidade. J\u00e1 tivemos a oportunidade de apresentar aqui outros disco com ele. E agora temos este, que n\u00e3o poderia faltar em nosso Toque Musical. Confiram no GTM&#8230;.<\/div>\n<div class=\"separator\">\u00a0<\/div>\n<div class=\"separator\">mangueira<\/div>\n<div class=\"separator\">implorar<\/div>\n<div class=\"separator\">tumba l\u00ea l\u00ea<\/div>\n<div class=\"separator\">est\u00e3o voltado as flores<\/div>\n<div class=\"separator\">pierrot apaixonado<\/div>\n<div class=\"separator\">general da banda<\/div>\n<div class=\"separator\">agora \u00e9 cinzas<\/div>\n<div class=\"separator\">eu chorarei amanh\u00e3<\/div>\n<div class=\"separator\">est\u00e1 chegando a hora<\/div>\n<div class=\"separator\">cai cai\u00a0<\/div>\n<div class=\"separator\">arrasta sand\u00e1lia<\/div>\n<div class=\"separator\">zum zum zum<\/div>\n<div class=\"separator\">pastorinhas<\/div>\n<div class=\"separator\">grau dez<\/div>\n<div class=\"separator\">recordar<\/div>\n<div class=\"separator\">imp\u00e9rio do samba<\/div>\n<div class=\"separator\">eu brinco<\/div>\n<div class=\"separator\">linda morena<\/div>\n<div class=\"separator\">\u00a0<\/div>\n<div class=\"separator\">\u00a0<\/div>\n<div class=\"separator\">\u00a0<\/div>\n<div class=\"separator\">\u00a0<\/div>\n<div class=\"separator\">.<\/div>\n<div class=\"separator\">\u00a0<\/div>\n<p>\u00a0<\/p>","protected":false},"excerpt":{"rendered":"<p>Disc\u00e3o maravilhoso que n\u00f3s ainda n\u00e3o hav\u00edamos postado. Como diz Roberto Carlos, &#8216;s\u00e3o tantas emo\u00e7\u00f5es&#8217; que a gente as vezes at\u00e9 esquece o que j\u00e1 foi postado. Este lp foi lan\u00e7ado em 1973 pelo selo Imperial, da Odeon, em 1973. &hellip; <a href=\"https:\/\/www.toque-musicall.com\/?p=11754\">Continue lendo <span class=\"meta-nav\">&rarr;<\/span><\/a><\/p>\n","protected":false},"author":1,"featured_media":0,"comment_status":"closed","ping_status":"closed","sticky":false,"template":"","format":"standard","meta":{"footnotes":""},"categories":[1],"tags":[6198,4100,5005],"class_list":["post-11754","post","type-post","status-publish","format-standard","hentry","category-sem-categoria","tag-academia-de-samba-imperial","tag-maestro-cipo","tag-selo-imperial"],"_links":{"self":[{"href":"https:\/\/www.toque-musicall.com\/index.php?rest_route=\/wp\/v2\/posts\/11754","targetHints":{"allow":["GET"]}}],"collection":[{"href":"https:\/\/www.toque-musicall.com\/index.php?rest_route=\/wp\/v2\/posts"}],"about":[{"href":"https:\/\/www.toque-musicall.com\/index.php?rest_route=\/wp\/v2\/types\/post"}],"author":[{"embeddable":true,"href":"https:\/\/www.toque-musicall.com\/index.php?rest_route=\/wp\/v2\/users\/1"}],"replies":[{"embeddable":true,"href":"https:\/\/www.toque-musicall.com\/index.php?rest_route=%2Fwp%2Fv2%2Fcomments&post=11754"}],"version-history":[{"count":2,"href":"https:\/\/www.toque-musicall.com\/index.php?rest_route=\/wp\/v2\/posts\/11754\/revisions"}],"predecessor-version":[{"id":11760,"href":"https:\/\/www.toque-musicall.com\/index.php?rest_route=\/wp\/v2\/posts\/11754\/revisions\/11760"}],"wp:attachment":[{"href":"https:\/\/www.toque-musicall.com\/index.php?rest_route=%2Fwp%2Fv2%2Fmedia&parent=11754"}],"wp:term":[{"taxonomy":"category","embeddable":true,"href":"https:\/\/www.toque-musicall.com\/index.php?rest_route=%2Fwp%2Fv2%2Fcategories&post=11754"},{"taxonomy":"post_tag","embeddable":true,"href":"https:\/\/www.toque-musicall.com\/index.php?rest_route=%2Fwp%2Fv2%2Ftags&post=11754"}],"curies":[{"name":"wp","href":"https:\/\/api.w.org\/{rel}","templated":true}]}}