{"id":11756,"date":"2026-03-08T18:05:51","date_gmt":"2026-03-08T21:05:51","guid":{"rendered":"https:\/\/www.toque-musicall.com\/?p=11756"},"modified":"2026-03-12T18:09:07","modified_gmt":"2026-03-12T21:09:07","slug":"os-versateis-1966","status":"publish","type":"post","link":"https:\/\/www.toque-musicall.com\/?p=11756","title":{"rendered":"Os Vers\u00e1teis (1966)"},"content":{"rendered":"\n<figure class=\"wp-block-image size-large\"><img decoding=\"async\" src=\"https:\/\/blogger.googleusercontent.com\/img\/b\/R29vZ2xl\/AVvXsEiJLpP-UwkJTEjBftVf_v2mzp_-jVStv45un705aeEL2bZjbefs52jP_oOuz98_ZHC1TysizgX05D86Cw0HYQPTB-b_0BXGjXqGcJMawFkhKy3sbUFWyhidqte5I4-GgHc3fjzFUpxtKCCHGrPnMiCYajAX1vwo1xgh6MtoYwGXfscVvLUpwPP5w4wMh0qv\/w640-h632\/WhatsApp%20Image%202026-02-27%20at%2008.57.59.jpeg\" alt=\"\"\/><\/figure>\n\n\n\n<figure class=\"wp-block-image size-large\"><img decoding=\"async\" src=\"https:\/\/blogger.googleusercontent.com\/img\/b\/R29vZ2xl\/AVvXsEjPCaUXtyfPngMKflVG4Xho27ztzVeJJ6gwNsSsz5ZaLgF4m-PPyPMMCGFZrtDryLYC2IglFFHYVyBwytjao9e2AYeO8749yQ_vs4pKbUCY27Kz5bk0NLQA0dGLVq7nWojPRVJjUp1hKf9BuIslaUH7i44fKPxqtAC6LjVIxbQlUyunze7X8g1NwiHuAcoE\/w640-h634\/WhatsApp%20Image%202026-02-27%20at%2009.30.27.jpeg\" alt=\"\"\/><\/figure>\n\n\n<div class=\"separator\">Seguindo em nossas postagens alternadas, entre um long-play e um compacto, desta vez vamos com um 7 polegadas, compacto simples lan\u00e7ado pelo selo Mocambo e trazendo um dos mais interessantes grupos dos anos 60, o conjunto Os Vers\u00e1teis. J\u00e1 tivemos a oportunidade de conhecer este conjunto paulista, com m\u00fasicos influentes na regi\u00e3o de Guarulhos. Era um conjunto de baile que tocava de tudo e por esta raz\u00e3o se chamava Os Vers\u00e1teis. E eram mesmo muito vers\u00e1teis cujo o repert\u00f3rio era um leque variado de g\u00eaneros e tamb\u00e9m compunham suas pr\u00f3prias m\u00fasicas. \u00c9 bem o caso deste compacto simples que eles lan\u00e7aram em em 1966 e ao que parece, foi o primeiro disco.<\/div>\n<div class=\"separator\">\u00a0<\/div>\n<div class=\"separator\">rejeitada<\/div>\n<div class=\"separator\">mexican surf<\/div>\n<div class=\"separator\">\u00a0<\/div>\n<div class=\"separator\">\u00a0<\/div>\n<div class=\"separator\">\u00a0<\/div>\n<div class=\"separator\">.<\/div>","protected":false},"excerpt":{"rendered":"<p>Seguindo em nossas postagens alternadas, entre um long-play e um compacto, desta vez vamos com um 7 polegadas, compacto simples lan\u00e7ado pelo selo Mocambo e trazendo um dos mais interessantes grupos dos anos 60, o conjunto Os Vers\u00e1teis. J\u00e1 tivemos &hellip; <a href=\"https:\/\/www.toque-musicall.com\/?p=11756\">Continue lendo <span class=\"meta-nav\">&rarr;<\/span><\/a><\/p>\n","protected":false},"author":1,"featured_media":0,"comment_status":"closed","ping_status":"closed","sticky":false,"template":"","format":"standard","meta":{"footnotes":""},"categories":[1],"tags":[3072,5643,3076],"class_list":["post-11756","post","type-post","status-publish","format-standard","hentry","category-sem-categoria","tag-compactos","tag-os-versateis-2","tag-selo-mocambo"],"_links":{"self":[{"href":"https:\/\/www.toque-musicall.com\/index.php?rest_route=\/wp\/v2\/posts\/11756","targetHints":{"allow":["GET"]}}],"collection":[{"href":"https:\/\/www.toque-musicall.com\/index.php?rest_route=\/wp\/v2\/posts"}],"about":[{"href":"https:\/\/www.toque-musicall.com\/index.php?rest_route=\/wp\/v2\/types\/post"}],"author":[{"embeddable":true,"href":"https:\/\/www.toque-musicall.com\/index.php?rest_route=\/wp\/v2\/users\/1"}],"replies":[{"embeddable":true,"href":"https:\/\/www.toque-musicall.com\/index.php?rest_route=%2Fwp%2Fv2%2Fcomments&post=11756"}],"version-history":[{"count":1,"href":"https:\/\/www.toque-musicall.com\/index.php?rest_route=\/wp\/v2\/posts\/11756\/revisions"}],"predecessor-version":[{"id":11757,"href":"https:\/\/www.toque-musicall.com\/index.php?rest_route=\/wp\/v2\/posts\/11756\/revisions\/11757"}],"wp:attachment":[{"href":"https:\/\/www.toque-musicall.com\/index.php?rest_route=%2Fwp%2Fv2%2Fmedia&parent=11756"}],"wp:term":[{"taxonomy":"category","embeddable":true,"href":"https:\/\/www.toque-musicall.com\/index.php?rest_route=%2Fwp%2Fv2%2Fcategories&post=11756"},{"taxonomy":"post_tag","embeddable":true,"href":"https:\/\/www.toque-musicall.com\/index.php?rest_route=%2Fwp%2Fv2%2Ftags&post=11756"}],"curies":[{"name":"wp","href":"https:\/\/api.w.org\/{rel}","templated":true}]}}