{"id":11758,"date":"2026-03-09T18:09:19","date_gmt":"2026-03-09T21:09:19","guid":{"rendered":"https:\/\/www.toque-musicall.com\/?p=11758"},"modified":"2026-03-12T18:14:41","modified_gmt":"2026-03-12T21:14:41","slug":"carlos-jose-1957","status":"publish","type":"post","link":"https:\/\/www.toque-musicall.com\/?p=11758","title":{"rendered":"Carlos Jos\u00e9 (1957)"},"content":{"rendered":"\n<figure class=\"wp-block-image size-large\"><img decoding=\"async\" src=\"https:\/\/blogger.googleusercontent.com\/img\/b\/R29vZ2xl\/AVvXsEgG8rJVp0fulEJzGBvd_COpPgQukgLwLEKA5Q6gw2IpvjjoPWLW0NcN7NRLnR0id-m_AKbG6DfKPgxMfa084Ob9saj9ZL8IMt8oABTIS1yuYtxPB65wQ0Iws_ssoYucKxfOESq2jtQ8qdNeHhriLrz659FyCh3oOQnrW1unLDBwRieH4xW048jzNMy5LYv-\/w640-h636\/Capturar.JPG\" alt=\"\"\/><\/figure>\n\n\n\n<figure class=\"wp-block-image size-large\"><img decoding=\"async\" src=\"https:\/\/blogger.googleusercontent.com\/img\/b\/R29vZ2xl\/AVvXsEjQHDG9NT0L8LqVmmb5RZcYF_8TtJF_9TzqSY2qJMCpukpMZWtS2fFEFhbNqWwkIG7fhG33YfBKb3C58MpSwZv9LFlNQNC3PWj9mo8aa77E6jnMeQ3Q3B__gi9UOcYJH7ZFtZvDiWz9ZFSPrxCy1fv-DcNUwSZrXv00jJWh4PKufm4oRPni5PtN7lZRO2fj\/w640-h640\/Capturarb.JPG\" alt=\"\"\/><\/figure>\n\n\n<div class=\"separator\">Para hoje vamos com o cantor Carlos Jos\u00e9 em um dos seus primeiros discos, quando ent\u00e3o ele estava come\u00e7ando a se tornar conhecido do p\u00fablico. Em 1957 ele ent\u00e3o lan\u00e7a este seu lp de estr\u00e9ia pela Odeon. Um disco com apresenta\u00e7\u00e3o de Fernando Lobo e trazendo um repert\u00f3rio fino com m\u00fasicas como &#8220;Al\u00e9m do C\u00e9u&#8221;, &#8220;S\u00e1bado em Copacabana&#8221;, &#8220;Suas m\u00e3os&#8221;, &#8220;Por toda a minh vida&#8221; e outras que voc\u00eas poder\u00e3o conferir na lista a baixo e, claro, no GTM completo. \ud83d\ude09<\/div>\n<div class=\"separator\">\u00a0<\/div>\n<div class=\"separator\">al\u00e9m do c\u00e9upren\u00fancio<\/div>\n<div class=\"separator\">s\u00e1bado em copacabana<\/div>\n<div class=\"separator\">tanto amor<\/div>\n<div class=\"separator\">e a chuva parou<\/div>\n<div class=\"separator\">can\u00e7\u00e3o para ninar gente grande<\/div>\n<div class=\"separator\">outro adeus<\/div>\n<div class=\"separator\">suas m\u00e3os<\/div>\n<div class=\"separator\">cantiga de enganar tristeza<\/div>\n<div class=\"separator\">deixe que ela se v\u00e1<\/div>\n<div class=\"separator\">por toda a minha vida<\/div>\n<div class=\"separator\">o mar<\/div>\n<div class=\"separator\">\u00a0<\/div>\n<div class=\"separator\">\u00a0<\/div>\n<div class=\"separator\">.<\/div>","protected":false},"excerpt":{"rendered":"<p>Para hoje vamos com o cantor Carlos Jos\u00e9 em um dos seus primeiros discos, quando ent\u00e3o ele estava come\u00e7ando a se tornar conhecido do p\u00fablico. Em 1957 ele ent\u00e3o lan\u00e7a este seu lp de estr\u00e9ia pela Odeon. Um disco com &hellip; <a href=\"https:\/\/www.toque-musicall.com\/?p=11758\">Continue lendo <span class=\"meta-nav\">&rarr;<\/span><\/a><\/p>\n","protected":false},"author":1,"featured_media":0,"comment_status":"closed","ping_status":"closed","sticky":false,"template":"","format":"standard","meta":{"footnotes":""},"categories":[1],"tags":[3636,3153],"class_list":["post-11758","post","type-post","status-publish","format-standard","hentry","category-sem-categoria","tag-carlos-jose","tag-selo-odeon"],"_links":{"self":[{"href":"https:\/\/www.toque-musicall.com\/index.php?rest_route=\/wp\/v2\/posts\/11758","targetHints":{"allow":["GET"]}}],"collection":[{"href":"https:\/\/www.toque-musicall.com\/index.php?rest_route=\/wp\/v2\/posts"}],"about":[{"href":"https:\/\/www.toque-musicall.com\/index.php?rest_route=\/wp\/v2\/types\/post"}],"author":[{"embeddable":true,"href":"https:\/\/www.toque-musicall.com\/index.php?rest_route=\/wp\/v2\/users\/1"}],"replies":[{"embeddable":true,"href":"https:\/\/www.toque-musicall.com\/index.php?rest_route=%2Fwp%2Fv2%2Fcomments&post=11758"}],"version-history":[{"count":1,"href":"https:\/\/www.toque-musicall.com\/index.php?rest_route=\/wp\/v2\/posts\/11758\/revisions"}],"predecessor-version":[{"id":11759,"href":"https:\/\/www.toque-musicall.com\/index.php?rest_route=\/wp\/v2\/posts\/11758\/revisions\/11759"}],"wp:attachment":[{"href":"https:\/\/www.toque-musicall.com\/index.php?rest_route=%2Fwp%2Fv2%2Fmedia&parent=11758"}],"wp:term":[{"taxonomy":"category","embeddable":true,"href":"https:\/\/www.toque-musicall.com\/index.php?rest_route=%2Fwp%2Fv2%2Fcategories&post=11758"},{"taxonomy":"post_tag","embeddable":true,"href":"https:\/\/www.toque-musicall.com\/index.php?rest_route=%2Fwp%2Fv2%2Ftags&post=11758"}],"curies":[{"name":"wp","href":"https:\/\/api.w.org\/{rel}","templated":true}]}}