{"id":1176,"date":"2009-06-07T12:29:00","date_gmt":"2009-06-07T12:29:00","guid":{"rendered":"http:\/\/www.toque-musicall.com\/?p=1176"},"modified":"2020-12-08T09:20:47","modified_gmt":"2020-12-08T12:20:47","slug":"marcal-interpreta-bide-e-marcal-1978","status":"publish","type":"post","link":"https:\/\/www.toque-musicall.com\/?p=1176","title":{"rendered":"Mar\u00e7al &#8211; Interpreta Bide E Mar\u00e7al (1978)"},"content":{"rendered":"\n<figure class=\"wp-block-image size-large\"><img decoding=\"async\" src=\"https:\/\/1.bp.blogspot.com\/-50ENo3HZyG0\/X89t4wvDr4I\/AAAAAAAASnQ\/GokipR7vl4k5CHtTEbAEA1E7x7odSxB6wCLcBGAsYHQ\/w640-h638\/Anota%25C3%25A7%25C3%25A3o%2B2020-12-08%2B091051.jpg\" alt=\"\"\/><\/figure>\n\n\n\n<figure class=\"wp-block-image size-large\"><img decoding=\"async\" src=\"https:\/\/1.bp.blogspot.com\/-fgzKSItdecc\/X89t4v9ZmVI\/AAAAAAAASnM\/M7FVJIOKWC0rLJEbSLogMwLT-1NqDFGIACLcBGAsYHQ\/w640-h640\/Anota%25C3%25A7%25C3%25A3o%2B2020-12-08%2B091204.jpg\" alt=\"\"\/><\/figure>\n\n\n<p>Bom dia! Hoje eu poderia dizer que estamos chegando ao final de duas semanas dedicadas ao samba. Mas seria uma grande mentira, n\u00e3o fosse a m\u00fasica brasileira, em muito da sua ess\u00eancia, ritmada no batido do samba. Seja o mais novo ou o mais antigo, o raro ou o lan\u00e7amento, sempre ouviremos ecos de samba, esse ritmo derivador que a muito j\u00e1 chegou aos ouvidos de todo o mundo. Para o domingo eu tenho aqui este \u00e1lbum fora de s\u00e9rie (que n\u00e3o custou 2 reais!) do ritmista e mestre Mar\u00e7al. Nele temos um singular encontro pautado numa homenagem \u00e0 dupla Bide e Mar\u00e7al. Para os desentendidos, Mar\u00e7alzinho \u00e9 o filho, herdeiro da arte do velho Mar\u00e7al, que em dupla com Alceb\u00edades Maia, o Bide, criaram cl\u00e1ssicos sambas que nunca sa\u00edram da boca do povo. O ritmista vem acompanhado por um c\u00f4ro estrelar de fazer inveja. Como se pode ver logo na capinha acima, temos Chico Buarque, Clara Nunes, Cristina Buarque, Dona Ivone Lara, Elton Medeiros, Gisa Nogueira, Gonzaguinha, Paulo Cesar Pinheiro, Jo\u00e3o Nogueira, Paulinho da Viola, Miucha, Roberto Ribeiro e o Conjunto Nosso Samba. Quer mais? O interessante deste trabalho \u00e9 que aqui, os medalh\u00f5es s\u00f3 fazem c\u00f4ro e quem canta \u00e9 o sambista Mar\u00e7al. Ta\u00ed um disco que eu ainda n\u00e3o vi pelas &#8216;bocas&#8217; e que merece a nossa aten\u00e7\u00e3o. Confira a\u00ed o toque&#8230;<\/p>\n<div>\u00a0<\/div>\n<div>agora \u00e9 cinza \/ meu primeiro amor \/ a primeira vez \/a carta<\/div>\n<div>bar\u00e3o das cabrochas \/ que bate-fundo \u00e9 esse?<\/div>\n<div>tua beleza \/ n\u00e3o diga a ela a minha resid\u00eancia<\/div>\n<div>foi voc\u00ea \/ tu n\u00e3o sabes mais o que h\u00e1 de querer \/ velho est\u00e1cio<\/div>\n<div>sorrir \/ louca pela boemia \/ nunca mais \/ meu sofrer<\/div>\n<div>viol\u00e3o amigo \/ se ela n\u00e3o vai chorar, nem eu<\/div>\n<div>madalena \/ olha a sua vida \/ voc\u00ea foi embora \/ agora \u00e9 cinza<\/div>\n<div>\u00a0<\/div>\n<div>\u00a0<\/div>","protected":false},"excerpt":{"rendered":"<p>Bom dia! Hoje eu poderia dizer que estamos chegando ao final de duas semanas dedicadas ao samba. Mas seria uma grande mentira, n\u00e3o fosse a m\u00fasica brasileira, em muito da sua ess\u00eancia, ritmada no batido do samba. Seja o mais &hellip; <a href=\"https:\/\/www.toque-musicall.com\/?p=1176\">Continue lendo <span class=\"meta-nav\">&rarr;<\/span><\/a><\/p>\n","protected":false},"author":1,"featured_media":0,"comment_status":"open","ping_status":"closed","sticky":false,"template":"","format":"standard","meta":{"footnotes":""},"categories":[1434,1303],"tags":[4077,4078,4079],"class_list":["post-1176","post","type-post","status-publish","format-standard","hentry","category-marcal","category-variados","tag-bide-marcal","tag-marcal","tag-selo-emi-odeon-2"],"_links":{"self":[{"href":"https:\/\/www.toque-musicall.com\/index.php?rest_route=\/wp\/v2\/posts\/1176","targetHints":{"allow":["GET"]}}],"collection":[{"href":"https:\/\/www.toque-musicall.com\/index.php?rest_route=\/wp\/v2\/posts"}],"about":[{"href":"https:\/\/www.toque-musicall.com\/index.php?rest_route=\/wp\/v2\/types\/post"}],"author":[{"embeddable":true,"href":"https:\/\/www.toque-musicall.com\/index.php?rest_route=\/wp\/v2\/users\/1"}],"replies":[{"embeddable":true,"href":"https:\/\/www.toque-musicall.com\/index.php?rest_route=%2Fwp%2Fv2%2Fcomments&post=1176"}],"version-history":[{"count":2,"href":"https:\/\/www.toque-musicall.com\/index.php?rest_route=\/wp\/v2\/posts\/1176\/revisions"}],"predecessor-version":[{"id":8031,"href":"https:\/\/www.toque-musicall.com\/index.php?rest_route=\/wp\/v2\/posts\/1176\/revisions\/8031"}],"wp:attachment":[{"href":"https:\/\/www.toque-musicall.com\/index.php?rest_route=%2Fwp%2Fv2%2Fmedia&parent=1176"}],"wp:term":[{"taxonomy":"category","embeddable":true,"href":"https:\/\/www.toque-musicall.com\/index.php?rest_route=%2Fwp%2Fv2%2Fcategories&post=1176"},{"taxonomy":"post_tag","embeddable":true,"href":"https:\/\/www.toque-musicall.com\/index.php?rest_route=%2Fwp%2Fv2%2Ftags&post=1176"}],"curies":[{"name":"wp","href":"https:\/\/api.w.org\/{rel}","templated":true}]}}