{"id":11761,"date":"2026-03-10T12:17:49","date_gmt":"2026-03-10T15:17:49","guid":{"rendered":"https:\/\/www.toque-musicall.com\/?p=11761"},"modified":"2026-03-13T12:25:03","modified_gmt":"2026-03-13T15:25:03","slug":"conjunto-celio-balona-luar-de-rio-branco-1967","status":"publish","type":"post","link":"https:\/\/www.toque-musicall.com\/?p=11761","title":{"rendered":"Conjunto C\u00e9lio Balona &#8211; Luar De Rio Branco (1967)\u00a0"},"content":{"rendered":"\n<figure class=\"wp-block-image size-large\"><img decoding=\"async\" src=\"https:\/\/blogger.googleusercontent.com\/img\/b\/R29vZ2xl\/AVvXsEiwHqaPOrgyzzzcfPEKA_G7sd1vOMU3je-R2ylV4ibM641FE9dqoSFv0C4bwtpoC8BbWsHVM3GVsXTbBj1ZOxh8q1ZARhBBKYKoM6V4S2tT1geOX1OrI_C6ejRTxxa8D8bo9flFAYqkcSSQg-mRE0_GO6lBhNPEIVee3yctWRgRpXmKqUIi84fT9JKhMpsf\/w640-h634\/capa.jpeg\" alt=\"\"\/><\/figure>\n\n\n\n<figure class=\"wp-block-image size-large\"><img decoding=\"async\" src=\"https:\/\/blogger.googleusercontent.com\/img\/b\/R29vZ2xl\/AVvXsEiDTc10n5yg1rFkRqJFyd6jBBFYJlmInAI8s49KShFyxHvtseh1h0OT-xerslQd93OsO1aizuGo3OPJMkbwdEaM871_V3B7ggJGcafCbL55XqjJ-zx9wgpd_VBe3vu_1kJePW1tGAqCSnSUeKquKLV_Pn_F4xQ-5lrlMoFTQCU9nxVf8t-JzVMIEWx8Vgco\/w640-h636\/contra.jpeg\" alt=\"\"\/><\/figure>\n\n\n<div class=\"separator\">Mais um disquinho, este, resgatado entre livros empoeirados de um sebo, aqui em Belo Horizonte. Uma curiosidade, sem d\u00favida, que se encaixa como uma luva nesse nosso espa\u00e7o dedicado a discos raros e obscuros. O presente compacto \u00e9 uma produ\u00e7\u00e3o de cunho comemorativo, um 7 polegadas simples trazendo a can\u00e7\u00e3o oficial da cidade mineira de Visconde do Rio Branco, uma composi\u00e7\u00e3o de Lourival Passos, m\u00fasico dessa cidade. Trata-se de uma valsa, a qual \u00e9 apresentada em duas vers\u00f5es, cantada e instrumental. Este disquinho, embora n\u00e3o traga a data de seu lan\u00e7amento, deve ser do final dos anos 60, talvez 68, ou 69. Pelo texto de rodap\u00e9 na contracapa sabemos que o autor faleceu em 1967 e talvez, no sentido de homeange\u00e1-lo, o compacto veio logo em seguida. Gravado nos est\u00fadios da lend\u00e1ria Bemol, com C\u00e9lio Balona e seu conjunto, dando um ar mais profissional a este trabalho. Por certo, ir\u00e1 agradar quem escuta m\u00fasica com outros olhos. \ud83d\ude09<\/div>\n<div class=\"separator\">\u00a0<\/div>\n<div class=\"separator\">luar de rio branco<\/div>\n<div class=\"separator\">luar de rio branco (instrumental)\u00a0<\/div>\n<div class=\"separator\">\u00a0<\/div>\n<div class=\"separator\">\u00a0<\/div>\n<div class=\"separator\">\u00a0<\/div>","protected":false},"excerpt":{"rendered":"<p>Mais um disquinho, este, resgatado entre livros empoeirados de um sebo, aqui em Belo Horizonte. Uma curiosidade, sem d\u00favida, que se encaixa como uma luva nesse nosso espa\u00e7o dedicado a discos raros e obscuros. O presente compacto \u00e9 uma produ\u00e7\u00e3o &hellip; <a href=\"https:\/\/www.toque-musicall.com\/?p=11761\">Continue lendo <span class=\"meta-nav\">&rarr;<\/span><\/a><\/p>\n","protected":false},"author":1,"featured_media":0,"comment_status":"closed","ping_status":"closed","sticky":false,"template":"","format":"standard","meta":{"footnotes":""},"categories":[1],"tags":[6199,3072,3397],"class_list":["post-11761","post","type-post","status-publish","format-standard","hentry","category-sem-categoria","tag-celio-balona-2","tag-compactos","tag-selo-bemol"],"_links":{"self":[{"href":"https:\/\/www.toque-musicall.com\/index.php?rest_route=\/wp\/v2\/posts\/11761","targetHints":{"allow":["GET"]}}],"collection":[{"href":"https:\/\/www.toque-musicall.com\/index.php?rest_route=\/wp\/v2\/posts"}],"about":[{"href":"https:\/\/www.toque-musicall.com\/index.php?rest_route=\/wp\/v2\/types\/post"}],"author":[{"embeddable":true,"href":"https:\/\/www.toque-musicall.com\/index.php?rest_route=\/wp\/v2\/users\/1"}],"replies":[{"embeddable":true,"href":"https:\/\/www.toque-musicall.com\/index.php?rest_route=%2Fwp%2Fv2%2Fcomments&post=11761"}],"version-history":[{"count":1,"href":"https:\/\/www.toque-musicall.com\/index.php?rest_route=\/wp\/v2\/posts\/11761\/revisions"}],"predecessor-version":[{"id":11762,"href":"https:\/\/www.toque-musicall.com\/index.php?rest_route=\/wp\/v2\/posts\/11761\/revisions\/11762"}],"wp:attachment":[{"href":"https:\/\/www.toque-musicall.com\/index.php?rest_route=%2Fwp%2Fv2%2Fmedia&parent=11761"}],"wp:term":[{"taxonomy":"category","embeddable":true,"href":"https:\/\/www.toque-musicall.com\/index.php?rest_route=%2Fwp%2Fv2%2Fcategories&post=11761"},{"taxonomy":"post_tag","embeddable":true,"href":"https:\/\/www.toque-musicall.com\/index.php?rest_route=%2Fwp%2Fv2%2Ftags&post=11761"}],"curies":[{"name":"wp","href":"https:\/\/api.w.org\/{rel}","templated":true}]}}