{"id":11763,"date":"2026-03-11T12:25:36","date_gmt":"2026-03-11T15:25:36","guid":{"rendered":"https:\/\/www.toque-musicall.com\/?p=11763"},"modified":"2026-03-13T12:28:00","modified_gmt":"2026-03-13T15:28:00","slug":"claudia-passaro-emigrante-1979","status":"publish","type":"post","link":"https:\/\/www.toque-musicall.com\/?p=11763","title":{"rendered":"Claudia &#8211; P\u00e1ssaro Emigrante (1979)"},"content":{"rendered":"\n<figure class=\"wp-block-image size-large\"><img decoding=\"async\" src=\"https:\/\/blogger.googleusercontent.com\/img\/b\/R29vZ2xl\/AVvXsEg5ttmkzWuq8x8p4rADAjCvAARz3JpVkMzRBrWmKGVa1Rgg-7QzLr04hF8LMwjIFMrxiOeEWrpGw5qEdbLqq1BcCNX3EVujsCnycLDroQHIN7l2C4uOpQq3pyfk6p_PuVslM_ZBIx2_UxlumxgoEQ0L0BtVb8WUeOl8Ap82WGA9bxpVnZvNyEnfy0_nvztG\/w640-h640\/capa.jpg\" alt=\"\"\/><\/figure>\n\n\n\n<figure class=\"wp-block-image size-large\"><img decoding=\"async\" src=\"https:\/\/blogger.googleusercontent.com\/img\/b\/R29vZ2xl\/AVvXsEiFwukxug1suEm7MZZuHggOBERry3_AMFdDg-z0sWB7s2DvNXaMXLvJGA-E9YkE30TFbLBXhePQMg1Xyz2bQzZL1Orm2GW_dNnoUVqNNiz4yBLQRGt-wK99mvx7e6W4B1fWg-Unt_96z1mtTEwmknKBmYVHfWQsFH5SYBu7lyMoZpm5lRUHW0xzg3xDuB_j\/w640-h640\/contracapa.jpg\" alt=\"\"\/><\/figure>\n\n\n<div class=\"separator\">Nosso encontro de hoje \u00e9 com a cantora Claudia, uma das vozes mais t\u00e9cnicas e consagradas da m\u00fasica brasileira. Fez muito sucesso nas d\u00e9cadas de 60 e 70, sendo comparada com Elis Regina pela sua capacidade de imterpreta\u00e7\u00e3o. Muito afinada, continua ainda hoje supreendendo o p\u00fablico, ativa e atuante. &#8220;P\u00e1ssaro Emigrante&#8221; foi um \u00e1lbum lan\u00e7ado em 1979 pelo selo Epic, da CBS. Este trabalho representa um momento de liberdade criativa, um disco totalmente autoral no qual ela divide as composi\u00e7\u00f5es com o baterista Chico Medori, demonstrando assim o seu lado compositora. Um trabalho bacana, com arranjos sofisticados, que s\u00f3 tem a elevar o n\u00edvel dessa artista. Muito bom&#8230;<\/div>\n<div class=\"separator\">\u00a0<\/div>\n<div class=\"separator\">morena de uganda<\/div>\n<div class=\"separator\">boiadeiro<\/div>\n<div class=\"separator\">rua 33 (n\u00famero particular)<\/div>\n<div class=\"separator\">p\u00e1ssaro emigrante<\/div>\n<div class=\"separator\">medo<\/div>\n<div class=\"separator\">u\u00e1 u\u00e1<\/div>\n<div class=\"separator\">t\u00e1-lento<\/div>\n<div class=\"separator\">luar nos olhos de luana<\/div>\n<div class=\"separator\">salve rainha<\/div>\n<div class=\"separator\">r\u00e9deas<\/div>\n<div class=\"separator\">p\u00e1ssaro emigrante<\/div>\n<div class=\"separator\">ascen\u00e7\u00e3o<\/div>\n<div class=\"separator\">transpar\u00eancia<\/div>\n<div class=\"separator\">\u00a0<\/div>\n<div class=\"separator\">\u00a0<\/div>\n<div class=\"separator\">\u00a0<\/div>\n<div class=\"separator\">\u00a0<\/div>","protected":false},"excerpt":{"rendered":"<p>Nosso encontro de hoje \u00e9 com a cantora Claudia, uma das vozes mais t\u00e9cnicas e consagradas da m\u00fasica brasileira. Fez muito sucesso nas d\u00e9cadas de 60 e 70, sendo comparada com Elis Regina pela sua capacidade de imterpreta\u00e7\u00e3o. Muito afinada, &hellip; <a href=\"https:\/\/www.toque-musicall.com\/?p=11763\">Continue lendo <span class=\"meta-nav\">&rarr;<\/span><\/a><\/p>\n","protected":false},"author":1,"featured_media":0,"comment_status":"closed","ping_status":"closed","sticky":false,"template":"","format":"standard","meta":{"footnotes":""},"categories":[1],"tags":[4320,3583],"class_list":["post-11763","post","type-post","status-publish","format-standard","hentry","category-sem-categoria","tag-claudia","tag-selo-epic"],"_links":{"self":[{"href":"https:\/\/www.toque-musicall.com\/index.php?rest_route=\/wp\/v2\/posts\/11763","targetHints":{"allow":["GET"]}}],"collection":[{"href":"https:\/\/www.toque-musicall.com\/index.php?rest_route=\/wp\/v2\/posts"}],"about":[{"href":"https:\/\/www.toque-musicall.com\/index.php?rest_route=\/wp\/v2\/types\/post"}],"author":[{"embeddable":true,"href":"https:\/\/www.toque-musicall.com\/index.php?rest_route=\/wp\/v2\/users\/1"}],"replies":[{"embeddable":true,"href":"https:\/\/www.toque-musicall.com\/index.php?rest_route=%2Fwp%2Fv2%2Fcomments&post=11763"}],"version-history":[{"count":1,"href":"https:\/\/www.toque-musicall.com\/index.php?rest_route=\/wp\/v2\/posts\/11763\/revisions"}],"predecessor-version":[{"id":11764,"href":"https:\/\/www.toque-musicall.com\/index.php?rest_route=\/wp\/v2\/posts\/11763\/revisions\/11764"}],"wp:attachment":[{"href":"https:\/\/www.toque-musicall.com\/index.php?rest_route=%2Fwp%2Fv2%2Fmedia&parent=11763"}],"wp:term":[{"taxonomy":"category","embeddable":true,"href":"https:\/\/www.toque-musicall.com\/index.php?rest_route=%2Fwp%2Fv2%2Fcategories&post=11763"},{"taxonomy":"post_tag","embeddable":true,"href":"https:\/\/www.toque-musicall.com\/index.php?rest_route=%2Fwp%2Fv2%2Ftags&post=11763"}],"curies":[{"name":"wp","href":"https:\/\/api.w.org\/{rel}","templated":true}]}}