{"id":11766,"date":"2026-03-12T12:32:20","date_gmt":"2026-03-12T15:32:20","guid":{"rendered":"https:\/\/www.toque-musicall.com\/?p=11766"},"modified":"2026-03-13T12:33:58","modified_gmt":"2026-03-13T15:33:58","slug":"eva-1972","status":"publish","type":"post","link":"https:\/\/www.toque-musicall.com\/?p=11766","title":{"rendered":"Eva (1972)"},"content":{"rendered":"\n<figure class=\"wp-block-image size-large\"><img decoding=\"async\" src=\"https:\/\/blogger.googleusercontent.com\/img\/b\/R29vZ2xl\/AVvXsEhNTaNm4tczH1g-0oohlKcdLe1itfu6nlJg92YW8GO5kcUJ-au4YPBpd5hjK-mQNPDdIrrpTNb0LFapoBt_petCh9yQ2JacWEaWc9mpwctmKeglPEJF0-pXk5JgFqzzhoBGxA7ShzFYWfXcQj9FpLCaO1gmCy0UMD5Mp_Z-NLMvECK5L_FLz0077y_B9dZD\/w640-h632\/capa.jpeg\" alt=\"\"\/><\/figure>\n\n\n\n<figure class=\"wp-block-image size-large\"><img decoding=\"async\" src=\"https:\/\/blogger.googleusercontent.com\/img\/b\/R29vZ2xl\/AVvXsEh72n5w3DHrOsN9Ouoi681RgrcU7Uqxh1M9BTzPtTays3NEcmRdQRZUMlqQ6V07a5zJJfYYAfoZeyPjcmINh-ojHXvlCazLgp5Gav1-0WYHpFKUcLoPpTieO59QOiomyTAevqGIOIoA2zkKK_sMLM0S0Id_fen5Sk05j9m1cg476JmCIrGK6YC6UY0a_RAN\/w632-h640\/contracapa.jpeg\" alt=\"\"\/><\/figure>\n\n\n<div class=\"separator\">E no dia do compacto, temos a Evinha, cantora maravilhosa que fez parte do Trio Esperan\u00e7a e seguiu em uma bem sucedida carreira solo, se destacando no in\u00edcio dos anos 70. Mudou-se para a Fran\u00e7a onde chegou a gravar at\u00e9 com Paul Mauriat.<\/div>\n<div class=\"separator\">Aqui temos ela neste compacto duplo, Odeon de 1972. Um disquinho raro, pois apresenta duas m\u00fasicas que s\u00f3 foram gravadas neste compacto, &#8220;Amanda&#8221; e &#8220;Primeiro beijo&#8221;. &#8220;Rico se dinheiro&#8221; e Onze e quinze s\u00e3o m\u00fasicas do lp do ano anterior.<\/div>\n<div class=\"separator\">\u00a0<\/div>\n<div class=\"separator\">amanda<\/div>\n<div class=\"separator\">rico sem dinheiro<\/div>\n<div class=\"separator\">primeiro beijo<\/div>\n<div class=\"separator\">onze e quinze<\/div>\n<div class=\"separator\">\u00a0<\/div>\n<div class=\"separator\">\u00a0<\/div>\n<div class=\"separator\">.<\/div>\n<p>&nbsp;<\/p>","protected":false},"excerpt":{"rendered":"<p>E no dia do compacto, temos a Evinha, cantora maravilhosa que fez parte do Trio Esperan\u00e7a e seguiu em uma bem sucedida carreira solo, se destacando no in\u00edcio dos anos 70. Mudou-se para a Fran\u00e7a onde chegou a gravar at\u00e9 &hellip; <a href=\"https:\/\/www.toque-musicall.com\/?p=11766\">Continue lendo <span class=\"meta-nav\">&rarr;<\/span><\/a><\/p>\n","protected":false},"author":1,"featured_media":0,"comment_status":"closed","ping_status":"closed","sticky":false,"template":"","format":"standard","meta":{"footnotes":""},"categories":[1],"tags":[3072,6200,3153],"class_list":["post-11766","post","type-post","status-publish","format-standard","hentry","category-sem-categoria","tag-compactos","tag-evinha","tag-selo-odeon"],"_links":{"self":[{"href":"https:\/\/www.toque-musicall.com\/index.php?rest_route=\/wp\/v2\/posts\/11766","targetHints":{"allow":["GET"]}}],"collection":[{"href":"https:\/\/www.toque-musicall.com\/index.php?rest_route=\/wp\/v2\/posts"}],"about":[{"href":"https:\/\/www.toque-musicall.com\/index.php?rest_route=\/wp\/v2\/types\/post"}],"author":[{"embeddable":true,"href":"https:\/\/www.toque-musicall.com\/index.php?rest_route=\/wp\/v2\/users\/1"}],"replies":[{"embeddable":true,"href":"https:\/\/www.toque-musicall.com\/index.php?rest_route=%2Fwp%2Fv2%2Fcomments&post=11766"}],"version-history":[{"count":1,"href":"https:\/\/www.toque-musicall.com\/index.php?rest_route=\/wp\/v2\/posts\/11766\/revisions"}],"predecessor-version":[{"id":11767,"href":"https:\/\/www.toque-musicall.com\/index.php?rest_route=\/wp\/v2\/posts\/11766\/revisions\/11767"}],"wp:attachment":[{"href":"https:\/\/www.toque-musicall.com\/index.php?rest_route=%2Fwp%2Fv2%2Fmedia&parent=11766"}],"wp:term":[{"taxonomy":"category","embeddable":true,"href":"https:\/\/www.toque-musicall.com\/index.php?rest_route=%2Fwp%2Fv2%2Fcategories&post=11766"},{"taxonomy":"post_tag","embeddable":true,"href":"https:\/\/www.toque-musicall.com\/index.php?rest_route=%2Fwp%2Fv2%2Ftags&post=11766"}],"curies":[{"name":"wp","href":"https:\/\/api.w.org\/{rel}","templated":true}]}}