{"id":1177,"date":"2009-06-06T10:26:00","date_gmt":"2009-06-06T10:26:00","guid":{"rendered":"http:\/\/www.toque-musicall.com\/?p=1177"},"modified":"2009-06-06T10:26:00","modified_gmt":"2009-06-06T10:26:00","slug":"sargentelli-sambao-1970","status":"publish","type":"post","link":"https:\/\/www.toque-musicall.com\/?p=1177","title":{"rendered":"Sargentelli &#8211; Samb\u00e3o (1970)"},"content":{"rendered":"<p><a href=\"http:\/\/1.bp.blogspot.com\/_DSKVEvHtskc\/Sir6Ru6CRsI\/AAAAAAAAD68\/Q0tOQlJLx_c\/s1600-h\/sargentelli+P.JPG\"><img decoding=\"async\" style=\"display:block; margin:0px auto 10px; text-align:center;cursor:pointer; cursor:hand;width: 396px; height: 400px;\" src=\"http:\/\/1.bp.blogspot.com\/_DSKVEvHtskc\/Sir6Ru6CRsI\/AAAAAAAAD68\/Q0tOQlJLx_c\/s400\/sargentelli+P.JPG\" border=\"0\" alt=\"\" id=\"BLOGGER_PHOTO_ID_5344359090384684738\" \/><\/a>Definitvamente, hoje o samba mandou me chamar. Ou me acompanha desde as 7 da manh\u00e3. Come\u00e7ou longo no caf\u00e9, quando eu preparava esta postagem, a qual eu s\u00f3 estou terminando agora por volta das 19 horas. Acabei n\u00e3o tendo como terminar naquele momento vespertino. Corri para a feira do vinil. Por l\u00e1 acontecia tamb\u00e9m o lan\u00e7amento do cd de um artista do samba. (uma vergonha, mas eu esqueci o nome dele, desculpa a\u00ed&#8230;) Passei o dia todo entre discos, papos, cerveja e samba. Voltei para casa numa p&#8230; dor de cabe\u00e7a e eis que aqui chegando deparo com uma festa, literalmente de arromba no pr\u00e9dio vizinho. E olha s\u00f3 o que est\u00e1 rolando&#8230; uma verdadeira bateria de escola de samba rodeada por umas trezentas pessoas. O samba comendo solto aqui tamb\u00e9m! O som invade o mais surdo dos mortais. Minha cabe\u00e7a chega a pulsar, mas devo admitir, a turma l\u00e1 em baixo leva o samba na ponta do p\u00e9. S\u00e3o mesmo muito bons. O jeito \u00e9 cair na folia e deixar a cabe\u00e7a pulsar. Parab\u00e9ns Marcelo, pelos 50 anos! Da pr\u00f3xima, convida o vizinho aqui \ud83d\ude09<\/p>\n<div>Dando assim a minha contribui\u00e7\u00e3o e fechando por hoje, aqui vai mais um disco de samba bacana. Tenho para voc\u00eas mais um lp sob o comando de Sargentelli. Um \u00e1lbum que eu acredito, foi o primeiro de uma s\u00e9rie dos gravados ao vivo em sua casa de shows.  Aqui encontramos um registro sem retorques, feito numa noite especial, onde algumas figurinhas importantes do meio musical marcaram presen\u00e7a. Temos como atra\u00e7\u00e3o, como se pode ver logo a baixo, o Conjunto Nosso Samba, Coristas da Madrugada, Roberto Ribeiro, Yvonne Lara, Sonia Santos e outros mais. Todos sob a dire\u00e7\u00e3o musical do Moacyr Silva. \u00c9 samba de cabo \u00e0 rabo. Muito bom!<\/div>\n<div><\/div>\n<div style=\"text-align: center;\">coristas da madrugada &#8211; viva meu samba \/ mundo de zinco<\/div>\n<div style=\"text-align: center;\">conjunto nosso samba &#8211; um c\u00e2ntico a natureza<\/div>\n<div style=\"text-align: center;\">yvonne &#8211; sem cavaco n\u00e3o<\/div>\n<div style=\"text-align: center;\">luiz bandeira &#8211; pout pourri<\/div>\n<div style=\"text-align: center;\">germano batista &#8211; n\u00e3o sou feliz<\/div>\n<div style=\"text-align: center;\">roberto ribeiro &#8211; triste destino<\/div>\n<div style=\"text-align: center;\">arlete maria &#8211; acabou<\/div>\n<div style=\"text-align: center;\">conjunto nosso samba &#8211; pout pourri<\/div>\n<div style=\"text-align: center;\">trio abc &#8211; oropa, fran\u00e7a e bahia<\/div>\n<div style=\"text-align: center;\">trio abc &#8211; vamos embora<\/div>\n<div style=\"text-align: center;\">sonia santos &#8211; o samba da minha terra<\/div>\n<div style=\"text-align: center;\">yvonne &#8211; agrade\u00e7o a deus<\/div>\n<div style=\"text-align: center;\">germano batista &#8211; pout pourri<\/div>\n<div style=\"text-align: center;\"><\/div>\n","protected":false},"excerpt":{"rendered":"<p>Definitvamente, hoje o samba mandou me chamar. Ou me acompanha desde as 7 da manh\u00e3. Come\u00e7ou longo no caf\u00e9, quando eu preparava esta postagem, a qual eu s\u00f3 estou terminando agora por volta das 19 horas. Acabei n\u00e3o tendo como &hellip; <a href=\"https:\/\/www.toque-musicall.com\/?p=1177\">Continue lendo <span class=\"meta-nav\">&rarr;<\/span><\/a><\/p>\n","protected":false},"author":1,"featured_media":0,"comment_status":"open","ping_status":"closed","sticky":false,"template":"","format":"standard","meta":{"footnotes":""},"categories":[1395],"tags":[],"class_list":["post-1177","post","type-post","status-publish","format-standard","hentry","category-sargentelli"],"_links":{"self":[{"href":"https:\/\/www.toque-musicall.com\/index.php?rest_route=\/wp\/v2\/posts\/1177","targetHints":{"allow":["GET"]}}],"collection":[{"href":"https:\/\/www.toque-musicall.com\/index.php?rest_route=\/wp\/v2\/posts"}],"about":[{"href":"https:\/\/www.toque-musicall.com\/index.php?rest_route=\/wp\/v2\/types\/post"}],"author":[{"embeddable":true,"href":"https:\/\/www.toque-musicall.com\/index.php?rest_route=\/wp\/v2\/users\/1"}],"replies":[{"embeddable":true,"href":"https:\/\/www.toque-musicall.com\/index.php?rest_route=%2Fwp%2Fv2%2Fcomments&post=1177"}],"version-history":[{"count":0,"href":"https:\/\/www.toque-musicall.com\/index.php?rest_route=\/wp\/v2\/posts\/1177\/revisions"}],"wp:attachment":[{"href":"https:\/\/www.toque-musicall.com\/index.php?rest_route=%2Fwp%2Fv2%2Fmedia&parent=1177"}],"wp:term":[{"taxonomy":"category","embeddable":true,"href":"https:\/\/www.toque-musicall.com\/index.php?rest_route=%2Fwp%2Fv2%2Fcategories&post=1177"},{"taxonomy":"post_tag","embeddable":true,"href":"https:\/\/www.toque-musicall.com\/index.php?rest_route=%2Fwp%2Fv2%2Ftags&post=1177"}],"curies":[{"name":"wp","href":"https:\/\/api.w.org\/{rel}","templated":true}]}}