{"id":11773,"date":"2026-03-14T18:38:16","date_gmt":"2026-03-14T21:38:16","guid":{"rendered":"https:\/\/www.toque-musicall.com\/?p=11773"},"modified":"2026-03-15T18:40:17","modified_gmt":"2026-03-15T21:40:17","slug":"joao-luiz-1971","status":"publish","type":"post","link":"https:\/\/www.toque-musicall.com\/?p=11773","title":{"rendered":"Jo\u00e3o Luiz (1971)\u00a0"},"content":{"rendered":"\n<figure class=\"wp-block-image size-large\"><img decoding=\"async\" src=\"https:\/\/blogger.googleusercontent.com\/img\/b\/R29vZ2xl\/AVvXsEg7tk4ckkYd_mCs5j2TZl4bive3wNaO-KCRBX1w93PPVqy73z2vOkX_tD6FFb4aLGlVXUG_ToO4JWGy7mb1892PBaKDHWhWxdxS9AClsRLkIzY5OSvV5GjJ1g9Xya-bxYU6TbxlUDUvL-PjaA3DV2_ySJS6-riP9CC6ACPhPwV-dhqJJQt-Xe7te6t8e-Bs\/w640-h634\/capa.jpeg\" alt=\"\"\/><\/figure>\n\n\n\n<figure class=\"wp-block-image size-large\"><img decoding=\"async\" src=\"https:\/\/blogger.googleusercontent.com\/img\/b\/R29vZ2xl\/AVvXsEjssPtJhr5mp2hprwJvGmPTor1BLmcRWMbTnn8a3t4afzgrTxvYuxQemPZAbTUHUdX1Fayeq69VK0v7gjtUjkXXk9Tj0CAbpbDozjA1xAOGwZ691GIb0Jp43Bz9dr2ZJFar8leLCAZJeAqly_G1SCOW5jZkXOrUjY1wFNh3rzkHnt49ku2gsnOeb1NLNPww\/w634-h640\/contra.jpeg\" alt=\"\"\/><\/figure>\n\n\n<div class=\"separator\">Seguindo em nossas postagens, hoje temos este compacto do cantor e compositor Jo\u00e3o Luiz. J\u00e1 tivemos a oportunidade de publicar no ano passado um outro compacto dele, de 1974. Agora trazemos ele neste compacto duplo de 1971, lan\u00e7ado pelo selo Odeon.. Jo\u00e3o Luiz Wildner se destacou como artista nos anos 70, trabalhou como ator na novela &#8220;O Primeiro Amor&#8221; e tamb\u00e9m participou da trilhas. Ganhou destaque ao realizar a primeira &#8216;missa i\u00ea-i\u00ea-\u00ea&#8217; para jovens na Am\u00e9rica Latina, um evento ligado a igreja cat\u00f3lica que teve grande repeercuss\u00e3o midi\u00e1tica. Consta que Jo\u00e3o Luiz gravou mais de vinte discos, entre compactos, lps e cds. Ao que tudo indica ele ainda contina em a\u00e7\u00e3o, fazendo muitos shows. Confiram no GTM&#8230;<\/div>\n<div class=\"separator\">\u00a0<\/div>\n<div class=\"separator\">viva aleluia para o maior<\/div>\n<div class=\"separator\">vou me libertar<\/div>\n<div class=\"separator\">s\u00f3, nu e mudo<\/div>\n<div class=\"separator\">eu pressenti<\/div>\n<div class=\"separator\">\u00a0<\/div>\n<div class=\"separator\">\u00a0<\/div>\n<div class=\"separator\">.<\/div>","protected":false},"excerpt":{"rendered":"<p>Seguindo em nossas postagens, hoje temos este compacto do cantor e compositor Jo\u00e3o Luiz. J\u00e1 tivemos a oportunidade de publicar no ano passado um outro compacto dele, de 1974. Agora trazemos ele neste compacto duplo de 1971, lan\u00e7ado pelo selo &hellip; <a href=\"https:\/\/www.toque-musicall.com\/?p=11773\">Continue lendo <span class=\"meta-nav\">&rarr;<\/span><\/a><\/p>\n","protected":false},"author":1,"featured_media":0,"comment_status":"closed","ping_status":"closed","sticky":false,"template":"","format":"standard","meta":{"footnotes":""},"categories":[1],"tags":[3072,3467,3153,6202],"class_list":["post-11773","post","type-post","status-publish","format-standard","hentry","category-sem-categoria","tag-compactos","tag-joao-luiz","tag-selo-odeon","tag-wildner"],"_links":{"self":[{"href":"https:\/\/www.toque-musicall.com\/index.php?rest_route=\/wp\/v2\/posts\/11773","targetHints":{"allow":["GET"]}}],"collection":[{"href":"https:\/\/www.toque-musicall.com\/index.php?rest_route=\/wp\/v2\/posts"}],"about":[{"href":"https:\/\/www.toque-musicall.com\/index.php?rest_route=\/wp\/v2\/types\/post"}],"author":[{"embeddable":true,"href":"https:\/\/www.toque-musicall.com\/index.php?rest_route=\/wp\/v2\/users\/1"}],"replies":[{"embeddable":true,"href":"https:\/\/www.toque-musicall.com\/index.php?rest_route=%2Fwp%2Fv2%2Fcomments&post=11773"}],"version-history":[{"count":1,"href":"https:\/\/www.toque-musicall.com\/index.php?rest_route=\/wp\/v2\/posts\/11773\/revisions"}],"predecessor-version":[{"id":11774,"href":"https:\/\/www.toque-musicall.com\/index.php?rest_route=\/wp\/v2\/posts\/11773\/revisions\/11774"}],"wp:attachment":[{"href":"https:\/\/www.toque-musicall.com\/index.php?rest_route=%2Fwp%2Fv2%2Fmedia&parent=11773"}],"wp:term":[{"taxonomy":"category","embeddable":true,"href":"https:\/\/www.toque-musicall.com\/index.php?rest_route=%2Fwp%2Fv2%2Fcategories&post=11773"},{"taxonomy":"post_tag","embeddable":true,"href":"https:\/\/www.toque-musicall.com\/index.php?rest_route=%2Fwp%2Fv2%2Ftags&post=11773"}],"curies":[{"name":"wp","href":"https:\/\/api.w.org\/{rel}","templated":true}]}}