{"id":11775,"date":"2026-03-15T18:45:21","date_gmt":"2026-03-15T21:45:21","guid":{"rendered":"https:\/\/www.toque-musicall.com\/?p=11775"},"modified":"2026-03-15T18:46:14","modified_gmt":"2026-03-15T21:46:14","slug":"4o-festival-da-balanca-1965","status":"publish","type":"post","link":"https:\/\/www.toque-musicall.com\/?p=11775","title":{"rendered":"4\u00ba Festival Da Balan\u00e7a (1965)"},"content":{"rendered":"\n<figure class=\"wp-block-image size-large\"><img decoding=\"async\" src=\"https:\/\/blogger.googleusercontent.com\/img\/b\/R29vZ2xl\/AVvXsEhU0Ka_yZf0MvKYnzOHZfzG2Gk_0QEHAB-RN4eRU0rgXcFJTmLEPx_KH24bGGFdcfVsqtdyeCbUydkLs2bnfKCYNzJkjSk43hkkN_6cX5h5ohlc1NDrQAFYxZdLNWHLAe2A1MAQaivtkf9OZNLlJIG0MaKFzgwC43IbFXpbqmWy3vsTN-iNz7mq8lOQnH0h\/w640-h640\/capaF.jpg\" alt=\"\"\/><\/figure>\n\n\n\n<figure class=\"wp-block-image size-large\"><img decoding=\"async\" src=\"https:\/\/blogger.googleusercontent.com\/img\/b\/R29vZ2xl\/AVvXsEh-GDWzDrgmLKj5Q8WbcnTAzyoLyITGwPV6O_DqhVgGgfgAwYKKSRGbJZpXOkAUhJCIxKPumc74HFGhG6bGUHuI0zBTGHwvdr5peAd1CtVpz1D3PJndd6kumFClUllFv-jXjt_T-zoner_DL7CU-ko3FCGcEVD1eEkxxSHhYirLLykohEZMkaRENTK7u69p\/w640-h640\/contracapab.jpg\" alt=\"\"\/><\/figure>\n\n\n<div class=\"separator\">H\u00e1 tempos n\u00e3o trazemos aqui um disco de Festival e como temos um aqui que ainda n\u00f3s n\u00e3o publicamos, vamos faz\u00ea-lo agora. Embora seja um disco j\u00e1 bem divulgado e j\u00e1 edispon\u00edvel para se ouvir no Youtube e mais ainda, chegou a ser reeditado em cd pelo produtor Marcelo Fr\u00f3es, achamos que se trata de um disco que n\u00e3o pode faltar por no Toque Musical. At\u00e9 porqu\u00ea, o \u00fanico lugar garantido onde se poder\u00e1 encontrar este lp, talvez daqui a mais 10 anos, \u00e9 o TM (estou pondo f\u00e9) \ud83d\ude42<\/div>\n<div class=\"separator\">Ent\u00e3o, temos aqui o lp 4\u00ba Festival da Balan\u00e7a, um dos primeiros festivais universit\u00e1rio e em sua quarta edi\u00e7\u00e3o, conhecido como &#8220;Festival da Balan\u00e7a&#8221;, organzado pelo Centro Acad\u00eamico Jo\u00e3o Mendes Junior, da Faculdade de Direito da Universidade Mackenzie, em 1965. Um evento que ainda nessa \u00e9poca n\u00e3o era competitivo. Neste festival participaram artistas e conjuntos como Gilberto Gil, Jongo Trio, Maria Bethania, Pedrinho Mattar, Marisa, Trio 3D e outros. Na verdade, este disco \u00e9 uma s\u00edntese, pois conforme nos \u00e9 descrito no texto de contracapa, o show durou quatro horas. Ent\u00e3o, o que temos s\u00e3o alguns dos melhores momentos. Apesar de reduzido, n\u00e3o deixa de ser um registro fabuloso que vale a pena ouvir&#8230;<\/div>\n<div class=\"separator\">\u00a0<\/div>\n<div class=\"separator\">jogo trio potpourri de m\u00fasicas de caymmi<\/div>\n<div class=\"separator\">maricene costa &#8211; amanh\u00e3<\/div>\n<div class=\"separator\">pedrinho mattar trio &#8211; berimbau<\/div>\n<div class=\"separator\">maria bethania &#8211; missa agr\u00e1ria<\/div>\n<div class=\"separator\">marisa &#8211; hora de lutar<\/div>\n<div class=\"separator\">trio 3d &#8211; nega dina<\/div>\n<div class=\"separator\">coral da universidade mackenzie &#8211; pau de arara<\/div>\n<div class=\"separator\">os farroupilhas &#8211; a resposta<\/div>\n<div class=\"separator\">gilberto gil &#8211; iemanj\u00e1<\/div>\n<div class=\"separator\">\u00a0<\/div>\n<div class=\"separator\">\u00a0<\/div>\n<div class=\"separator\">.<\/div>\n<p>&nbsp;<\/p>","protected":false},"excerpt":{"rendered":"<p>H\u00e1 tempos n\u00e3o trazemos aqui um disco de Festival e como temos um aqui que ainda n\u00f3s n\u00e3o publicamos, vamos faz\u00ea-lo agora. Embora seja um disco j\u00e1 bem divulgado e j\u00e1 edispon\u00edvel para se ouvir no Youtube e mais ainda, &hellip; <a href=\"https:\/\/www.toque-musicall.com\/?p=11775\">Continue lendo <span class=\"meta-nav\">&rarr;<\/span><\/a><\/p>\n","protected":false},"author":1,"featured_media":0,"comment_status":"closed","ping_status":"closed","sticky":false,"template":"","format":"standard","meta":{"footnotes":""},"categories":[1],"tags":[3364,6203,3061],"class_list":["post-11775","post","type-post","status-publish","format-standard","hentry","category-sem-categoria","tag-festivais","tag-festival-da-balanca","tag-selo-rca-victor"],"_links":{"self":[{"href":"https:\/\/www.toque-musicall.com\/index.php?rest_route=\/wp\/v2\/posts\/11775","targetHints":{"allow":["GET"]}}],"collection":[{"href":"https:\/\/www.toque-musicall.com\/index.php?rest_route=\/wp\/v2\/posts"}],"about":[{"href":"https:\/\/www.toque-musicall.com\/index.php?rest_route=\/wp\/v2\/types\/post"}],"author":[{"embeddable":true,"href":"https:\/\/www.toque-musicall.com\/index.php?rest_route=\/wp\/v2\/users\/1"}],"replies":[{"embeddable":true,"href":"https:\/\/www.toque-musicall.com\/index.php?rest_route=%2Fwp%2Fv2%2Fcomments&post=11775"}],"version-history":[{"count":2,"href":"https:\/\/www.toque-musicall.com\/index.php?rest_route=\/wp\/v2\/posts\/11775\/revisions"}],"predecessor-version":[{"id":11777,"href":"https:\/\/www.toque-musicall.com\/index.php?rest_route=\/wp\/v2\/posts\/11775\/revisions\/11777"}],"wp:attachment":[{"href":"https:\/\/www.toque-musicall.com\/index.php?rest_route=%2Fwp%2Fv2%2Fmedia&parent=11775"}],"wp:term":[{"taxonomy":"category","embeddable":true,"href":"https:\/\/www.toque-musicall.com\/index.php?rest_route=%2Fwp%2Fv2%2Fcategories&post=11775"},{"taxonomy":"post_tag","embeddable":true,"href":"https:\/\/www.toque-musicall.com\/index.php?rest_route=%2Fwp%2Fv2%2Ftags&post=11775"}],"curies":[{"name":"wp","href":"https:\/\/api.w.org\/{rel}","templated":true}]}}