{"id":11779,"date":"2026-03-16T19:00:04","date_gmt":"2026-03-16T22:00:04","guid":{"rendered":"https:\/\/www.toque-musicall.com\/?p=11779"},"modified":"2026-03-17T19:03:27","modified_gmt":"2026-03-17T22:03:27","slug":"sonia-delfino-a-namorada-do-sol-1961","status":"publish","type":"post","link":"https:\/\/www.toque-musicall.com\/?p=11779","title":{"rendered":"S\u00f4nia Delfino &#8211; A Namorada do Sol (1961)"},"content":{"rendered":"\n<figure class=\"wp-block-image size-large\"><img decoding=\"async\" src=\"https:\/\/blogger.googleusercontent.com\/img\/b\/R29vZ2xl\/AVvXsEjqqz9OByB_8Z6fg2IQBPbRpHqwJO6mCH-7OZUZ0lmZgHot02zoV_TTtcC5vURSwAQJ1UsOcObu0euXVvHu3ue8YeKAbK5lc3NsWUKtbC5Vw97XmHdro47nNe9zRn0y2VY7ad7CgfS48MiQ3FywYhglqvuteteR9PuI3CewJHn_t2ZH-ueouB8I0-FZknV5\/w640-h632\/capa.jpeg\" alt=\"\"\/><\/figure>\n\n\n\n<figure class=\"wp-block-image size-large\"><img decoding=\"async\" src=\"https:\/\/blogger.googleusercontent.com\/img\/b\/R29vZ2xl\/AVvXsEjtHbx4LFdgDWR8u1xd4i0nJp54frW1VTmEx27x7rZ282zc4R4HVJi72GppLWo-2iMeyEKTjDGDPT7glDY3pmLyvCCY29a0BDNCJa9n0LD3BmfynjkiaYEKgzfHYEE5wT2m5E25FTEU4GziD0-jyB5sm1hcFTRyl_6G83zJeuzu4agOt7QMk_JjfNv70dkz\/w640-h626\/contraP.JPG\" alt=\"\"\/><\/figure>\n\n\n<div class=\"separator\">Hoje, nosso encontro\u00a0 \u00e9 com a cantora Sonia Delfino, artista a qual j\u00e1 tivemos a oportunidade de apresentar aqui no Toque Musical. Infelizmente, ela partiu no ano passado, aos 82 anos. Sonia Delfino, \u00edcone do sambalan\u00e7o e tamb\u00e9m do rock nacional, teve uma careira de destaque nos anos 60. Iniciou a carreira aos 13 anos cantando no programa &#8220;Clube do Guri&#8221;, da R\u00e1dio Tupi. Passou pelo rock e tamb\u00e9m pela bossa nova. Um de seus grande sucessos foi &#8220;Bolinha de sab\u00e3o&#8221;, m\u00fasica de Orlandivo. Tamb\u00e9m atuou no cinema e na televis\u00e3o. Interrompeu a carreira em 1970 quando ent\u00e3o se casou. S\u00f3 voltaria nos anos 80, cantando em casas noturnas do Rio de Janeiro. Participou de um projeto em homenagem aos 40 anos da Bossa Nova, produzido por Roberto Menescal. Mas n\u00e3o chegou a gravar outros discos.\u00a0<\/div>\n<div class=\"separator\">O compacto que temos aqui \u00e9 um disquinho lan\u00e7ado em 1961 pelo selo Philips. Compacto duplo trazendo quatro m\u00fasicas que foram sucessos com ela, em especial um vers\u00e3o para o folk-rock &#8220;Bimbombey&#8221;. Disquinho bem interessante cujas as m\u00fasicas foram extraidas de seu primeiro lp &#8220;Al\u00f4 Broto&#8221;, lan\u00e7ado no ano anterior. Long-play este que j\u00e1 apresentamos aqui&#8230;<\/div>\n<div class=\"separator\">\u00a0<\/div>\n<div class=\"separator\">bimbombey<\/div>\n<div class=\"separator\">namorada do sol<\/div>\n<div class=\"separator\">garota coquete<\/div>\n<div class=\"separator\">\u00e9 voc\u00ea<\/div>\n<div class=\"separator\">\u00a0<\/div>\n<div class=\"separator\">\u00a0<\/div>\n<div class=\"separator\">.<\/div>\n<div class=\"separator\">\u00a0<\/div>","protected":false},"excerpt":{"rendered":"<p>Hoje, nosso encontro\u00a0 \u00e9 com a cantora Sonia Delfino, artista a qual j\u00e1 tivemos a oportunidade de apresentar aqui no Toque Musical. Infelizmente, ela partiu no ano passado, aos 82 anos. Sonia Delfino, \u00edcone do sambalan\u00e7o e tamb\u00e9m do rock &hellip; <a href=\"https:\/\/www.toque-musicall.com\/?p=11779\">Continue lendo <span class=\"meta-nav\">&rarr;<\/span><\/a><\/p>\n","protected":false},"author":1,"featured_media":0,"comment_status":"closed","ping_status":"closed","sticky":false,"template":"","format":"standard","meta":{"footnotes":""},"categories":[1],"tags":[3072,3012,5638],"class_list":["post-11779","post","type-post","status-publish","format-standard","hentry","category-sem-categoria","tag-compactos","tag-selo-philips","tag-sonia-delfino"],"_links":{"self":[{"href":"https:\/\/www.toque-musicall.com\/index.php?rest_route=\/wp\/v2\/posts\/11779","targetHints":{"allow":["GET"]}}],"collection":[{"href":"https:\/\/www.toque-musicall.com\/index.php?rest_route=\/wp\/v2\/posts"}],"about":[{"href":"https:\/\/www.toque-musicall.com\/index.php?rest_route=\/wp\/v2\/types\/post"}],"author":[{"embeddable":true,"href":"https:\/\/www.toque-musicall.com\/index.php?rest_route=\/wp\/v2\/users\/1"}],"replies":[{"embeddable":true,"href":"https:\/\/www.toque-musicall.com\/index.php?rest_route=%2Fwp%2Fv2%2Fcomments&post=11779"}],"version-history":[{"count":1,"href":"https:\/\/www.toque-musicall.com\/index.php?rest_route=\/wp\/v2\/posts\/11779\/revisions"}],"predecessor-version":[{"id":11780,"href":"https:\/\/www.toque-musicall.com\/index.php?rest_route=\/wp\/v2\/posts\/11779\/revisions\/11780"}],"wp:attachment":[{"href":"https:\/\/www.toque-musicall.com\/index.php?rest_route=%2Fwp%2Fv2%2Fmedia&parent=11779"}],"wp:term":[{"taxonomy":"category","embeddable":true,"href":"https:\/\/www.toque-musicall.com\/index.php?rest_route=%2Fwp%2Fv2%2Fcategories&post=11779"},{"taxonomy":"post_tag","embeddable":true,"href":"https:\/\/www.toque-musicall.com\/index.php?rest_route=%2Fwp%2Fv2%2Ftags&post=11779"}],"curies":[{"name":"wp","href":"https:\/\/api.w.org\/{rel}","templated":true}]}}