{"id":1178,"date":"2009-06-05T09:47:00","date_gmt":"2009-06-05T09:47:00","guid":{"rendered":"http:\/\/www.toque-musicall.com\/?p=1178"},"modified":"2009-06-05T09:47:00","modified_gmt":"2009-06-05T09:47:00","slug":"dudu-nicacio-rodrigo-braga-dois-do-samba-2008","status":"publish","type":"post","link":"https:\/\/www.toque-musicall.com\/?p=1178","title":{"rendered":"Dudu Nic\u00e1cio &#038; Rodrigo Braga &#8211; Dois Do Samba (2008)"},"content":{"rendered":"<p><a href=\"http:\/\/2.bp.blogspot.com\/_DSKVEvHtskc\/Sijpv83AW8I\/AAAAAAAAD6w\/77kyyyw0A6c\/s1600-h\/Capa+P.JPG\"><img decoding=\"async\" style=\"display:block; margin:0px auto 10px; text-align:center;cursor:pointer; cursor:hand;width: 398px; height: 400px;\" src=\"http:\/\/2.bp.blogspot.com\/_DSKVEvHtskc\/Sijpv83AW8I\/AAAAAAAAD6w\/77kyyyw0A6c\/s400\/Capa+P.JPG\" border=\"0\" alt=\"\" id=\"BLOGGER_PHOTO_ID_5343777967875054530\" \/><\/a>Bom dia a todos! Chegamos na sexta-feira com muito pique, nos embalos e abalos do samba. Como na semana passada n\u00e3o tivemos a apresenta\u00e7\u00e3o de nenhum artista independente, hoje, chegando &#8216;aos finalmente&#8217;, tenho o prazer de trazer para voc\u00eas a dupla Dud\u00fa Nic\u00e1cio e Rodrigo Braga, os Dois do Samba. Logo quando eles lan\u00e7aram este trabalho, me foi enviada uma c\u00f3pia para divulga\u00e7\u00e3o. Eu s\u00f3 n\u00e3o o publiquei porque n\u00e3o foi uma solicita\u00e7\u00e3o direta. E naquele momento ainda eu n\u00e3o havia criado um dia especial para artistas independentes. Mas numa semana dupla voltada para o samba, seria uma injusti\u00e7a deixar de fora este trabalho super bacana. Ao contr\u00e1rio de muita gente que tenta fazer samba e acaba caindo no pagode, esses dois conseguiram sair do comum, fazendo um disco &#8216;descolado&#8217; e com muita qualidade. Por certo alguns dir\u00e3o que \u00e9 samba de branco, mas qual \u00e9 o branco brasileiro aut\u00eantico que n\u00e3o sente pulsar em suas veias o sangue do negro? O estere\u00f3tipo do sambista, naturalmente, se manifesta em qualquer um que tem o dom de sambar. Nesse sentido o verbo aqui tem uma conota\u00e7\u00e3o ampla e dentro dele os Dois do Samba, j\u00e1 neste primeiro disco, s\u00e3o bambas. Quem ainda n\u00e3o teve a oportunidade de ouv\u00ed-los, n\u00e3o deixe essa passar. Tenho certeza que n\u00e3o ir\u00e3o se decepcionar, muito pelo contr\u00e1rio. Os meninos d\u00e3o o recado direitinho. H\u00e1 espa\u00e7o at\u00e9 para um Noel Rosa em seu &#8220;Tarzan, o filho do alfaiate&#8221;. Para quem quiser saber mais sobre os <a href=\"http:\/\/www.myspace.com\/doisdosamba\">Dois do Samba<\/a>, eu sugiro que fa\u00e7am uma visita ao <a href=\"http:\/\/www.myspace.com\/doisdosamba\">site deles<\/a>. L\u00e1 voc\u00eas ir\u00e3o encontrar todas as informa\u00e7\u00f5es e saber por onde andam levando o seu samba. Muito bom mesmo! Confiram&#8230;<\/p>\n<div><\/div>\n<div>\n<div style=\"text-align: center;\">contrariedade<\/div>\n<div style=\"text-align: center;\">inconsequente<\/div>\n<div style=\"text-align: center;\">samba morena<\/div>\n<div style=\"text-align: center;\">chamada restrita<\/div>\n<div style=\"text-align: center;\">muqueca de tubar\u00e3o<\/div>\n<div style=\"text-align: center;\">deixa o tempo<\/div>\n<div style=\"text-align: center;\">gloss\u00e1rio<\/div>\n<div style=\"text-align: center;\">nem amarrado<\/div>\n<div style=\"text-align: center;\">por conta<\/div>\n<div style=\"text-align: center;\">resignado<\/div>\n<div style=\"text-align: center;\">tarzan, o filho do alfaiate<\/div>\n<div><\/div>\n<div><\/div>\n<\/div>\n","protected":false},"excerpt":{"rendered":"<p>Bom dia a todos! Chegamos na sexta-feira com muito pique, nos embalos e abalos do samba. Como na semana passada n\u00e3o tivemos a apresenta\u00e7\u00e3o de nenhum artista independente, hoje, chegando &#8216;aos finalmente&#8217;, tenho o prazer de trazer para voc\u00eas a &hellip; <a href=\"https:\/\/www.toque-musicall.com\/?p=1178\">Continue lendo <span class=\"meta-nav\">&rarr;<\/span><\/a><\/p>\n","protected":false},"author":1,"featured_media":0,"comment_status":"open","ping_status":"closed","sticky":false,"template":"","format":"standard","meta":{"footnotes":""},"categories":[1435],"tags":[],"class_list":["post-1178","post","type-post","status-publish","format-standard","hentry","category-dudu-nicacio-e-rodrigo-braga"],"_links":{"self":[{"href":"https:\/\/www.toque-musicall.com\/index.php?rest_route=\/wp\/v2\/posts\/1178","targetHints":{"allow":["GET"]}}],"collection":[{"href":"https:\/\/www.toque-musicall.com\/index.php?rest_route=\/wp\/v2\/posts"}],"about":[{"href":"https:\/\/www.toque-musicall.com\/index.php?rest_route=\/wp\/v2\/types\/post"}],"author":[{"embeddable":true,"href":"https:\/\/www.toque-musicall.com\/index.php?rest_route=\/wp\/v2\/users\/1"}],"replies":[{"embeddable":true,"href":"https:\/\/www.toque-musicall.com\/index.php?rest_route=%2Fwp%2Fv2%2Fcomments&post=1178"}],"version-history":[{"count":0,"href":"https:\/\/www.toque-musicall.com\/index.php?rest_route=\/wp\/v2\/posts\/1178\/revisions"}],"wp:attachment":[{"href":"https:\/\/www.toque-musicall.com\/index.php?rest_route=%2Fwp%2Fv2%2Fmedia&parent=1178"}],"wp:term":[{"taxonomy":"category","embeddable":true,"href":"https:\/\/www.toque-musicall.com\/index.php?rest_route=%2Fwp%2Fv2%2Fcategories&post=1178"},{"taxonomy":"post_tag","embeddable":true,"href":"https:\/\/www.toque-musicall.com\/index.php?rest_route=%2Fwp%2Fv2%2Ftags&post=1178"}],"curies":[{"name":"wp","href":"https:\/\/api.w.org\/{rel}","templated":true}]}}