{"id":1179,"date":"2009-06-04T10:07:00","date_gmt":"2009-06-04T10:07:00","guid":{"rendered":"http:\/\/www.toque-musicall.com\/?p=1179"},"modified":"2009-06-04T10:07:00","modified_gmt":"2009-06-04T10:07:00","slug":"clementina-de-jesus-clementina-cade-voce-1970-88","status":"publish","type":"post","link":"https:\/\/www.toque-musicall.com\/?p=1179","title":{"rendered":"Clementina de Jesus &#8211; Clementina Cad\u00ea Voc\u00ea (1970-88)"},"content":{"rendered":"<p><a href=\"http:\/\/1.bp.blogspot.com\/_DSKVEvHtskc\/SiedONUX67I\/AAAAAAAAD6g\/FhR96c9T3CQ\/s1600-h\/clementina+P.JPG\"><img decoding=\"async\" style=\"display:block; margin:0px auto 10px; text-align:center;cursor:pointer; cursor:hand;width: 400px; height: 396px;\" src=\"http:\/\/1.bp.blogspot.com\/_DSKVEvHtskc\/SiedONUX67I\/AAAAAAAAD6g\/FhR96c9T3CQ\/s400\/clementina+P.JPG\" border=\"0\" alt=\"\" id=\"BLOGGER_PHOTO_ID_5343412350317226930\" \/><\/a>Bom dia! Dando sequ\u00eancia \u00e0 nossa dupla semana de samba, tenho para hoje mais um disco raro em todos os sentidos. Trago para voc\u00eas a carism\u00e1tica M\u00e3e Quel\u00e9, Clementina de Jesus, neste lp originalmente lan\u00e7ado em 1970 e relan\u00e7ado em 1988, numa tiragem de apenas 1000 exemplares, homenageando a cantora e os 100 anos da aboli\u00e7\u00e3o da escravatura no Brasil. Clementina faleceu em julho de 1987 e no ano seguinte o Museu da Imagem e do Som &#8211; MIS-RJ resolveu reedit\u00e1-lo (n\u00e3o sei se chegou ao formato cd). A grava\u00e7\u00e3o deste \u00e1lbum foi (como sempre) uma iniciativa do genial Herm\u00ednio Bello de Carvalho. Ele foi quem produziu esta grava\u00e7\u00e3o feita, segundo o pr\u00f3prio, em condi\u00e7\u00f5es prec\u00e1rias, no pequeno est\u00fadio Elizeth Cardoso do MIS-RJ. Contou com a dire\u00e7\u00e3o musical do maestro Nelsinho e um grupo de bambas como o Mestre Mar\u00e7al, Luna, \u00cdndio, entre outros&#8230; N\u00e3o precisa nem dizer, n\u00e9? Imperd\u00edvel!<\/p>\n<div><\/div>\n<div style=\"text-align: center;\">vai, saudade<\/div>\n<div style=\"text-align: center;\">deus vos salve a casa santa<\/div>\n<div style=\"text-align: center;\">tr\u00eas corimas<\/div>\n<div style=\"text-align: center;\">a maria come\u00e7a a beber<\/div>\n<div style=\"text-align: center;\">tom\u00e9<\/div>\n<div style=\"text-align: center;\">sei l\u00e1, mangueira<\/div>\n<div style=\"text-align: center;\">beira-mar<\/div>\n<div style=\"text-align: center;\">dua modas<\/div>\n<div style=\"text-align: center;\">sereia<\/div>\n<div style=\"text-align: center;\">cercar paca<\/div>\n<div style=\"text-align: center;\">a coruja comeu meu curi\u00f3<\/div>\n<div style=\"text-align: center;\">a mangueira \u00e9 l\u00e1 no c\u00e9u<\/div>\n<div style=\"text-align: center;\"><\/div>\n<div style=\"text-align: center;\"><\/div>\n","protected":false},"excerpt":{"rendered":"<p>Bom dia! Dando sequ\u00eancia \u00e0 nossa dupla semana de samba, tenho para hoje mais um disco raro em todos os sentidos. Trago para voc\u00eas a carism\u00e1tica M\u00e3e Quel\u00e9, Clementina de Jesus, neste lp originalmente lan\u00e7ado em 1970 e relan\u00e7ado em &hellip; <a href=\"https:\/\/www.toque-musicall.com\/?p=1179\">Continue lendo <span class=\"meta-nav\">&rarr;<\/span><\/a><\/p>\n","protected":false},"author":1,"featured_media":0,"comment_status":"open","ping_status":"closed","sticky":false,"template":"","format":"standard","meta":{"footnotes":""},"categories":[531],"tags":[],"class_list":["post-1179","post","type-post","status-publish","format-standard","hentry","category-clementina-de-jesus"],"_links":{"self":[{"href":"https:\/\/www.toque-musicall.com\/index.php?rest_route=\/wp\/v2\/posts\/1179","targetHints":{"allow":["GET"]}}],"collection":[{"href":"https:\/\/www.toque-musicall.com\/index.php?rest_route=\/wp\/v2\/posts"}],"about":[{"href":"https:\/\/www.toque-musicall.com\/index.php?rest_route=\/wp\/v2\/types\/post"}],"author":[{"embeddable":true,"href":"https:\/\/www.toque-musicall.com\/index.php?rest_route=\/wp\/v2\/users\/1"}],"replies":[{"embeddable":true,"href":"https:\/\/www.toque-musicall.com\/index.php?rest_route=%2Fwp%2Fv2%2Fcomments&post=1179"}],"version-history":[{"count":0,"href":"https:\/\/www.toque-musicall.com\/index.php?rest_route=\/wp\/v2\/posts\/1179\/revisions"}],"wp:attachment":[{"href":"https:\/\/www.toque-musicall.com\/index.php?rest_route=%2Fwp%2Fv2%2Fmedia&parent=1179"}],"wp:term":[{"taxonomy":"category","embeddable":true,"href":"https:\/\/www.toque-musicall.com\/index.php?rest_route=%2Fwp%2Fv2%2Fcategories&post=1179"},{"taxonomy":"post_tag","embeddable":true,"href":"https:\/\/www.toque-musicall.com\/index.php?rest_route=%2Fwp%2Fv2%2Ftags&post=1179"}],"curies":[{"name":"wp","href":"https:\/\/api.w.org\/{rel}","templated":true}]}}