{"id":1180,"date":"2009-06-03T09:02:00","date_gmt":"2009-06-03T09:02:00","guid":{"rendered":"http:\/\/www.toque-musicall.com\/?p=1180"},"modified":"2009-06-03T09:02:00","modified_gmt":"2009-06-03T09:02:00","slug":"os-sambas-que-joao-gilberto-ama-2009","status":"publish","type":"post","link":"https:\/\/www.toque-musicall.com\/?p=1180","title":{"rendered":"Os Sambas Que Jo\u00e3o Gilberto Ama (2009)"},"content":{"rendered":"<p><a href=\"http:\/\/1.bp.blogspot.com\/_DSKVEvHtskc\/SiY8cYC7NFI\/AAAAAAAAD6I\/CMhdNSQcZlE\/s1600-h\/Os+Sambas+que+Jo%C3%A3o+Gilberto+Ama+FRONT1.jpg\"><img decoding=\"async\" style=\"display:block; margin:0px auto 10px; text-align:center;cursor:pointer; cursor:hand;width: 400px; height: 395px;\" src=\"http:\/\/1.bp.blogspot.com\/_DSKVEvHtskc\/SiY8cYC7NFI\/AAAAAAAAD6I\/CMhdNSQcZlE\/s400\/Os+Sambas+que+Jo%C3%A3o+Gilberto+Ama+FRONT1.jpg\" border=\"0\" alt=\"\" id=\"BLOGGER_PHOTO_ID_5343024466110395474\" \/><\/a>Bom dia! Come\u00e7ando a quarta feira com muito pique, fui logo preparando  esta colet\u00e2nea, mais que especial, para fazer valer o dia. Esta sele\u00e7\u00e3o musical a qual eu denominei &#8220;Os Sambas que Jo\u00e3o Gilberto Amam&#8221; foi inspirada numa outra que saiu no &#8216;mercado paralelo&#8217; do japon\u00eas no ano passado, reunindo uma s\u00e9rie de sambas antigos, cl\u00e1ssicos que o nosso querido Jo\u00e3o Gilberto sempre incluiu em seu repert\u00f3rio. Os arquivos me foram enviados pelo Chris Rousseau e agora, depois de preparar uma capinha com sabor tropical, apresento montado um \u00e1lbum que foi sem nunca ter sido. Como voc\u00eas podem observar logo a baixo, trata-se de uma colet\u00e2nea com grava\u00e7\u00f5es originais e algumas, inclusive, muito raras. <\/p>\n<div>S\u00f3 mesmo atrav\u00e9s de colet\u00e2neas como esta podemos hoje em dia ter acesso \u00e0s velhas bolachas de 78 rpm. Gravadoras como RCA, Odeon e Copacabana sempre se preocuparam em relan\u00e7ar seus antigos sucessos na \u00e9poca de ouro do vinil. Com a chegada do cd as preocupa\u00e7\u00f5es se concentraram no m\u00e1ximo aos &#8216;Long Plays&#8217;, em especial \u00e0queles que tiveram boa vendagem. Foi mais por iniciativas isoladas, como as dos selos Revivendo e Moto Discos, que viemos a ter contato com p\u00e9rolas esquecidas no fundo do mar. As quest\u00f5es de direito de publica\u00e7\u00e3o, exclusividades e contratos tiranos foram o grande empecilho para que uma sele\u00e7\u00e3o como esta pudesse vir a p\u00fablico. Viva hoje a liberdade conquistada na anarquia! Salve os novos tempos e a tecnologia que nos permitiu ter acesso ao que ach\u00e1vamos j\u00e1 ter perdido, a nossa mem\u00f3ria fonogr\u00e1fica e musical. Por favor, n\u00e3o me venham falar de direito autoral baseado em estruturas comerciais fracassadas. Ponha o cifr\u00e3o de lado e use o bom senso. Nem tudo que tem valor se adquire atrav\u00e9s do dinheiro. A riqueza cultural n\u00e3o pode ser vendida. Ela \u00e9 naturalmente do povo, feita para o povo e pelo povo. \u00c9 preciso separar o joio do trigo&#8230;<\/div>\n<div><\/div>\n<div style=\"text-align: center;\">aquarela do brasil &#8211; francisco alves<\/div>\n<div style=\"text-align: center;\">no tabuleiro da baiana &#8211; luiz barbosa e carmem miranda<\/div>\n<div style=\"text-align: center;\">morena boca de ouro &#8211; silvo caldas<\/div>\n<div style=\"text-align: center;\">da cor do pecado &#8211; silvo caldas<\/div>\n<div style=\"text-align: center;\">a primeira vez &#8211; orland silva<\/div>\n<div style=\"text-align: center;\">aos p\u00e9s da cruz &#8211; orlando silva<\/div>\n<div style=\"text-align: center;\">samba da minha terra &#8211; band da lua<\/div>\n<div style=\"text-align: center;\">acontece que eu sou baiano &#8211; anjos do inferno<\/div>\n<div style=\"text-align: center;\">rosa morena &#8211; anjos do inferno<\/div>\n<div style=\"text-align: center;\">doralice &#8211; anjos do inferno<\/div>\n<div style=\"text-align: center;\">sem compromisso  &#8211; anjos do inferno<\/div>\n<div style=\"text-align: center;\">bolinha de papel &#8211; anjos do inferno<\/div>\n<div style=\"text-align: center;\">pra que discutir com madame &#8211; janet de almeida<\/div>\n<div style=\"text-align: center;\">eu sambo mesmo &#8211; anjos do inferno<\/div>\n<div style=\"text-align: center;\">de conversa em conversa &#8211; isaura garcia e os namorados da lua<\/div>\n<div style=\"text-align: center;\">tintim por tintim &#8211; os cariocas<\/div>\n<div style=\"text-align: center;\">adeus america &#8211; os cariocas<\/div>\n<div style=\"text-align: center;\">eu quero um samba &#8211; os namorados da lua<\/div>\n<div style=\"text-align: center;\">quando voc\u00ea recordar &#8211; garotos da lua<\/div>\n<div style=\"text-align: center;\">amar \u00e9 bom &#8211; garotos da lua<\/div>\n<div style=\"text-align: center;\">duas contas &#8211; trio surdina<\/div>\n<div style=\"text-align: center;\">outra vez &#8211; dick farney<\/div>\n<div style=\"text-align: center;\">voc\u00ea esteve com meu bem &#8211; marisa<\/div>\n<div style=\"text-align: center;\">quando ela sai &#8211; jo\u00e3o gilberto<\/div>\n<div style=\"text-align: center;\">meia luz &#8211; jo\u00e3o gilberto<\/div>\n<div style=\"text-align: center;\"><\/div>\n<div style=\"text-align: center;\"><\/div>\n","protected":false},"excerpt":{"rendered":"<p>Bom dia! Come\u00e7ando a quarta feira com muito pique, fui logo preparando esta colet\u00e2nea, mais que especial, para fazer valer o dia. Esta sele\u00e7\u00e3o musical a qual eu denominei &#8220;Os Sambas que Jo\u00e3o Gilberto Amam&#8221; foi inspirada numa outra que &hellip; <a href=\"https:\/\/www.toque-musicall.com\/?p=1180\">Continue lendo <span class=\"meta-nav\">&rarr;<\/span><\/a><\/p>\n","protected":false},"author":1,"featured_media":0,"comment_status":"open","ping_status":"closed","sticky":false,"template":"","format":"standard","meta":{"footnotes":""},"categories":[292,1303],"tags":[],"class_list":["post-1180","post","type-post","status-publish","format-standard","hentry","category-joao-gilberto","category-variados"],"_links":{"self":[{"href":"https:\/\/www.toque-musicall.com\/index.php?rest_route=\/wp\/v2\/posts\/1180","targetHints":{"allow":["GET"]}}],"collection":[{"href":"https:\/\/www.toque-musicall.com\/index.php?rest_route=\/wp\/v2\/posts"}],"about":[{"href":"https:\/\/www.toque-musicall.com\/index.php?rest_route=\/wp\/v2\/types\/post"}],"author":[{"embeddable":true,"href":"https:\/\/www.toque-musicall.com\/index.php?rest_route=\/wp\/v2\/users\/1"}],"replies":[{"embeddable":true,"href":"https:\/\/www.toque-musicall.com\/index.php?rest_route=%2Fwp%2Fv2%2Fcomments&post=1180"}],"version-history":[{"count":0,"href":"https:\/\/www.toque-musicall.com\/index.php?rest_route=\/wp\/v2\/posts\/1180\/revisions"}],"wp:attachment":[{"href":"https:\/\/www.toque-musicall.com\/index.php?rest_route=%2Fwp%2Fv2%2Fmedia&parent=1180"}],"wp:term":[{"taxonomy":"category","embeddable":true,"href":"https:\/\/www.toque-musicall.com\/index.php?rest_route=%2Fwp%2Fv2%2Fcategories&post=1180"},{"taxonomy":"post_tag","embeddable":true,"href":"https:\/\/www.toque-musicall.com\/index.php?rest_route=%2Fwp%2Fv2%2Ftags&post=1180"}],"curies":[{"name":"wp","href":"https:\/\/api.w.org\/{rel}","templated":true}]}}