{"id":1181,"date":"2009-06-02T10:57:00","date_gmt":"2009-06-02T10:57:00","guid":{"rendered":"http:\/\/www.toque-musicall.com\/?p=1181"},"modified":"2009-06-02T10:57:00","modified_gmt":"2009-06-02T10:57:00","slug":"moreira-da-silva-musica-popular-brasileira-grandes-interpretes-1974","status":"publish","type":"post","link":"https:\/\/www.toque-musicall.com\/?p=1181","title":{"rendered":"Moreira da Silva &#8211; M\u00fasica Popular Brasileira Grandes Interpretes (1974)"},"content":{"rendered":"<p><a href=\"http:\/\/1.bp.blogspot.com\/_DSKVEvHtskc\/SiUFtJq9CjI\/AAAAAAAAD54\/OnbNeU4qneM\/s1600-h\/moreira+P.JPG\"><img decoding=\"async\" style=\"display:block; margin:0px auto 10px; text-align:center;cursor:pointer; cursor:hand;width: 400px; height: 398px;\" src=\"http:\/\/1.bp.blogspot.com\/_DSKVEvHtskc\/SiUFtJq9CjI\/AAAAAAAAD54\/OnbNeU4qneM\/s400\/moreira+P.JPG\" border=\"0\" alt=\"\" id=\"BLOGGER_PHOTO_ID_5342682806193293874\" \/><\/a><span><span><span  style=\"font-size:small;\">Dentro da s\u00e9rie M\u00fasica Popular Brasileira &#8211; Grandes Interpretes, lan\u00e7ada pela RCA Victor e seu selo Camden para reedi\u00e7\u00f5es de antigos fonogramas, temos hoje (e mais uma vez) o grande malandro, Moreira da Silva. Digo &#8216;malandro&#8217; no sentido original da palavra, como cantou Chico Buarque em sua &#8220;Opera do Malandro&#8221;. Neste lp encontramos algumas das primeiras grava\u00e7\u00f5es de Antonio Moreira da Silva feitas na Victor. Extra\u00eddas das primeira bolachas de 78 rpm, encontramos aqui algumas p\u00e9rolas que fizeram muito sucesso e ainda hoje podemos dizer que s\u00e3o bem conhecidas. Kid Morengueira sempre teve um repert\u00f3rio pronto e muitas das m\u00fasicas que est\u00e3o neste disco acompanharam o artista por toda a sua carreira. Vale a pena conferir essa j\u00f3ia, pois muita coisa aqui, voc\u00eas n\u00e3o ouvir\u00e3o t\u00e3o cedo (ou tarde demais).<\/span><\/span><\/span><\/p>\n<div style=\"text-align: center;\"><\/div>\n<div style=\"text-align: center;\"><span  style=\"font-size:small;\">amigo urso<\/span><\/div>\n<div style=\"text-align: center;\"><span  style=\"font-size:small;\">a deusa da vila<\/span><\/div>\n<div style=\"text-align: center;\"><span  style=\"font-size:small;\">bilhete branco<\/span><\/div>\n<div style=\"text-align: center;\"><span  style=\"font-size:small;\">mendigo de amor<\/span><\/div>\n<div style=\"text-align: center;\"><span  style=\"font-size:small;\">com a\u00e7ucar<\/span><\/div>\n<div style=\"text-align: center;\"><span  style=\"font-size:small;\">olha a direita<\/span><\/div>\n<div style=\"text-align: center;\"><span  style=\"font-size:small;\">esta noite eu tive um sonho<\/span><\/div>\n<div style=\"text-align: center;\"><span  style=\"font-size:small;\">doutor em futebol<\/span><\/div>\n<div style=\"text-align: center;\"><span  style=\"font-size:small;\">olha a cara dela<\/span><\/div>\n<div style=\"text-align: center;\"><span  style=\"font-size:small;\">o home que se casa \u00e9 feliz<\/span><\/div>\n<div style=\"text-align: center;\"><span  style=\"font-size:small;\">assim termina um grande amor<\/span><\/div>\n<div style=\"text-align: center;\"><span  style=\"font-size:small;\">abre a boca e feche os olhos<\/span><\/div>\n<div style=\"text-align: center;\"><\/div>\n<div style=\"text-align: center;\"><\/div>\n","protected":false},"excerpt":{"rendered":"<p>Dentro da s\u00e9rie M\u00fasica Popular Brasileira &#8211; Grandes Interpretes, lan\u00e7ada pela RCA Victor e seu selo Camden para reedi\u00e7\u00f5es de antigos fonogramas, temos hoje (e mais uma vez) o grande malandro, Moreira da Silva. Digo &#8216;malandro&#8217; no sentido original da &hellip; <a href=\"https:\/\/www.toque-musicall.com\/?p=1181\">Continue lendo <span class=\"meta-nav\">&rarr;<\/span><\/a><\/p>\n","protected":false},"author":1,"featured_media":0,"comment_status":"open","ping_status":"closed","sticky":false,"template":"","format":"standard","meta":{"footnotes":""},"categories":[746],"tags":[],"class_list":["post-1181","post","type-post","status-publish","format-standard","hentry","category-moreira-da-silva"],"_links":{"self":[{"href":"https:\/\/www.toque-musicall.com\/index.php?rest_route=\/wp\/v2\/posts\/1181","targetHints":{"allow":["GET"]}}],"collection":[{"href":"https:\/\/www.toque-musicall.com\/index.php?rest_route=\/wp\/v2\/posts"}],"about":[{"href":"https:\/\/www.toque-musicall.com\/index.php?rest_route=\/wp\/v2\/types\/post"}],"author":[{"embeddable":true,"href":"https:\/\/www.toque-musicall.com\/index.php?rest_route=\/wp\/v2\/users\/1"}],"replies":[{"embeddable":true,"href":"https:\/\/www.toque-musicall.com\/index.php?rest_route=%2Fwp%2Fv2%2Fcomments&post=1181"}],"version-history":[{"count":0,"href":"https:\/\/www.toque-musicall.com\/index.php?rest_route=\/wp\/v2\/posts\/1181\/revisions"}],"wp:attachment":[{"href":"https:\/\/www.toque-musicall.com\/index.php?rest_route=%2Fwp%2Fv2%2Fmedia&parent=1181"}],"wp:term":[{"taxonomy":"category","embeddable":true,"href":"https:\/\/www.toque-musicall.com\/index.php?rest_route=%2Fwp%2Fv2%2Fcategories&post=1181"},{"taxonomy":"post_tag","embeddable":true,"href":"https:\/\/www.toque-musicall.com\/index.php?rest_route=%2Fwp%2Fv2%2Ftags&post=1181"}],"curies":[{"name":"wp","href":"https:\/\/api.w.org\/{rel}","templated":true}]}}