{"id":1182,"date":"2009-06-01T09:56:00","date_gmt":"2009-06-01T09:56:00","guid":{"rendered":"http:\/\/www.toque-musicall.com\/?p=1182"},"modified":"2009-06-01T09:56:00","modified_gmt":"2009-06-01T09:56:00","slug":"ze-carlos-vamos-nessa-1979","status":"publish","type":"post","link":"https:\/\/www.toque-musicall.com\/?p=1182","title":{"rendered":"Z\u00e9 Carlos &#8211; Vamos Nessa (1979)"},"content":{"rendered":"<p><a href=\"http:\/\/4.bp.blogspot.com\/_DSKVEvHtskc\/SiPEEavx4YI\/AAAAAAAAD5g\/Br7PTiup5SA\/s1600-h\/Z%C3%A9+Carlos+P.JPG\"><img decoding=\"async\" style=\"display:block; margin:0px auto 10px; text-align:center;cursor:pointer; cursor:hand;width: 400px; height: 400px;\" src=\"http:\/\/4.bp.blogspot.com\/_DSKVEvHtskc\/SiPEEavx4YI\/AAAAAAAAD5g\/Br7PTiup5SA\/s400\/Z%C3%A9+Carlos+P.JPG\" border=\"0\" alt=\"\" id=\"BLOGGER_PHOTO_ID_5342329163169784194\" \/><\/a>Bom dia! Iniciando mais uma semana, vamos dando continuidade ao samba. Fazer uma temporada tem\u00e1tica de samba \u00e9 \u00f3timo em todos os sentidos. Afinal o samba \u00e9 a voz maior da m\u00fasica popular brasileira. Da\u00ed, nunca faltam discos para serem mostrados.<\/p>\n<div>Para hoje eu estou trazendo um disco que certamente vai dar &#8216;ibope&#8217;. Voc\u00eas conhecem o Z\u00e9 Carlos? Esta \u00e9 uma pergunta um tanto vaga, considerando que existem milhares pelo mundo (ou pelo Brasil), mas mesmo assim eu insisto e posso at\u00e9 oferecer mais dados para esta quest\u00e3o. N\u00e3o me refiro ao seu sobrenome, mas aos dados contidos no pr\u00f3prio disco. Agora vamos ver&#8230; um \u00e1lbum de samba can\u00e7\u00e3o, gravado em 1979 pelo selo CID&#8230; um repert\u00f3rio polido e executado por um time de craques como, Jo\u00e3o Donato, Antonio Adolfo, Wilson das Neves, H\u00e9lio Delmiro, Geraldo Vespar, Dino Sete Cordas, Neco, Orlandivo, Mar\u00e7al, Z\u00e9 Bodega, Jaime Al\u00e9m e Nair e mais uma dezena de outros m\u00fasicos (os quais podem ser conferidos na contracapa). Facilitou? Pode at\u00e9 ser que n\u00e3o, mas com certeza, depois dessa rica listagem voc\u00eas v\u00e3o querer conhec\u00ea-lo melhor. Foi assim tamb\u00e9m que aconteceu comigo. Por\u00e9m, eu devo confessar que n\u00e3o tive muito sucesso. Numa consulta (sempre r\u00e1pida) \u00e0s fontes e or\u00e1culos, n\u00e3o encontrei muita coisa al\u00e9m do an\u00fancio de venda do lp num desses Ebay da vida. Definitivamente n\u00e3o tenho informa\u00e7\u00f5es sobre o artista. Mas posso dizer que se trata de um bom cantor. Sua voz me faz lembrar o lend\u00e1rio cantor mineiro Luiz Cl\u00e1udio. Tem um pouco tamb\u00e9m do Em\u00edlio Santiago, sei l\u00e1&#8230; O certo \u00e9 que \u00e9 um disc\u00e3o, raro e de qualidade. Vamos nessa?<\/div>\n<div><\/div>\n<div style=\"text-align: center;\">deitou e rolou<\/div>\n<div style=\"text-align: center;\">no p\u00e9 da laranjeira<\/div>\n<div style=\"text-align: center;\">v\u00e1<\/div>\n<div style=\"text-align: center;\">pode ser que amanh\u00e3 amanhe\u00e7a chovendo<\/div>\n<div style=\"text-align: center;\">voc\u00ea j\u00e1 tem idade<\/div>\n<div style=\"text-align: center;\">s\u00f3 felicidade<\/div>\n<div style=\"text-align: center;\">p\u00e1gina colorida<\/div>\n<div style=\"text-align: center;\">ela disse me assim<\/div>\n<div style=\"text-align: center;\">sombra e agua fresca<\/div>\n<div style=\"text-align: center;\">um novo dia<\/div>\n<div style=\"text-align: center;\">malandro moderno<\/div>\n<div style=\"text-align: center;\">conversa fiada<\/div>\n<div style=\"text-align: center;\"><\/div>\n<div style=\"text-align: center;\"><\/div>\n","protected":false},"excerpt":{"rendered":"<p>Bom dia! Iniciando mais uma semana, vamos dando continuidade ao samba. Fazer uma temporada tem\u00e1tica de samba \u00e9 \u00f3timo em todos os sentidos. Afinal o samba \u00e9 a voz maior da m\u00fasica popular brasileira. Da\u00ed, nunca faltam discos para serem &hellip; <a href=\"https:\/\/www.toque-musicall.com\/?p=1182\">Continue lendo <span class=\"meta-nav\">&rarr;<\/span><\/a><\/p>\n","protected":false},"author":1,"featured_media":0,"comment_status":"open","ping_status":"closed","sticky":false,"template":"","format":"standard","meta":{"footnotes":""},"categories":[1436],"tags":[],"class_list":["post-1182","post","type-post","status-publish","format-standard","hentry","category-ze-carlos"],"_links":{"self":[{"href":"https:\/\/www.toque-musicall.com\/index.php?rest_route=\/wp\/v2\/posts\/1182","targetHints":{"allow":["GET"]}}],"collection":[{"href":"https:\/\/www.toque-musicall.com\/index.php?rest_route=\/wp\/v2\/posts"}],"about":[{"href":"https:\/\/www.toque-musicall.com\/index.php?rest_route=\/wp\/v2\/types\/post"}],"author":[{"embeddable":true,"href":"https:\/\/www.toque-musicall.com\/index.php?rest_route=\/wp\/v2\/users\/1"}],"replies":[{"embeddable":true,"href":"https:\/\/www.toque-musicall.com\/index.php?rest_route=%2Fwp%2Fv2%2Fcomments&post=1182"}],"version-history":[{"count":0,"href":"https:\/\/www.toque-musicall.com\/index.php?rest_route=\/wp\/v2\/posts\/1182\/revisions"}],"wp:attachment":[{"href":"https:\/\/www.toque-musicall.com\/index.php?rest_route=%2Fwp%2Fv2%2Fmedia&parent=1182"}],"wp:term":[{"taxonomy":"category","embeddable":true,"href":"https:\/\/www.toque-musicall.com\/index.php?rest_route=%2Fwp%2Fv2%2Fcategories&post=1182"},{"taxonomy":"post_tag","embeddable":true,"href":"https:\/\/www.toque-musicall.com\/index.php?rest_route=%2Fwp%2Fv2%2Ftags&post=1182"}],"curies":[{"name":"wp","href":"https:\/\/api.w.org\/{rel}","templated":true}]}}