{"id":1185,"date":"2009-05-29T09:18:00","date_gmt":"2009-05-29T09:18:00","guid":{"rendered":"http:\/\/www.toque-musicall.com\/?p=1185"},"modified":"2009-05-29T09:18:00","modified_gmt":"2009-05-29T09:18:00","slug":"carlao-elegante-um-cidadao-sambista-1979","status":"publish","type":"post","link":"https:\/\/www.toque-musicall.com\/?p=1185","title":{"rendered":"Carl\u00e3o Elegante &#8211; Um Cidad\u00e3o Sambista (1979)"},"content":{"rendered":"<p><a href=\"http:\/\/2.bp.blogspot.com\/_DSKVEvHtskc\/Sh-osE7YkHI\/AAAAAAAAD4o\/T4s_Z-Cd7pg\/s1600-h\/carl%C3%A3o+P.JPG\"><img decoding=\"async\" style=\"display:block; margin:0px auto 10px; text-align:center;cursor:pointer; cursor:hand;width: 400px; height: 397px;\" src=\"http:\/\/2.bp.blogspot.com\/_DSKVEvHtskc\/Sh-osE7YkHI\/AAAAAAAAD4o\/T4s_Z-Cd7pg\/s400\/carl%C3%A3o+P.JPG\" border=\"0\" alt=\"\" id=\"BLOGGER_PHOTO_ID_5341173158275223666\" \/><\/a>Olha a\u00ed, meus prezados, quem vem pintando no peda\u00e7o&#8230; Carl\u00e3o Elegante, conhece? Acredito que muito poucos fora das rodas de samba do Rio de Janeiro o conheceram. Digo isso e no tempo passado porque sou tamb\u00e9m um dos que nada sei a seu respeito e no pouqu\u00edssimo de refer\u00eancia que encontrei sobre o sambista, consta j\u00e1 ter falecido. Espero, pelo menos nesse ponto estar enganado. O pouco que encontrei s\u00e3o apenas refer\u00eancias \u00e0 sua pessoa, nada muito consistente. Carl\u00e3o foi puxador de samba, me parece que pela Est\u00e1cio. Foi parceiro de Nei Lopes em diversos sambas e participou em disco de outros artistas, inclusive Elizete Cardoso. H\u00e1 tamb\u00e9m refer\u00eancias a um Carl\u00e3o Elegante no cinema nacional dos anos 70, mas meu tempo n\u00e3o me permitiu uma pesquisa mais detalhada que comprovasse isso. Acredito que este tenha sido seu \u00fanico disco, lan\u00e7ado pela CBS em 1979. O \u00e1lbum \u00e9 bem produzido e apesar de n\u00e3o trazer muitas informa\u00e7\u00f5es, percebe-se logo na primeira faixa que o Carl\u00e3o est\u00e1 bem acompanhado por m\u00fasicos que n\u00e3o deixam a peteca cair. A voz do sambista \u00e9 poderosa e faz jus \u00e0 fama de puxador de escola de samba. Acredito que este \u00e9 um bom e raro disco de samba, que merece o nosso toque musical. Confira a\u00ed e d\u00ea a sua opini\u00e3o. T\u00e1 valendo?<\/p>\n<div><\/p>\n<div style=\"text-align: center;\">um cidad\u00e3o sambista<\/div>\n<div style=\"text-align: center;\">morar no meu peito<\/div>\n<div style=\"text-align: center;\">soprou bom vento<\/div>\n<div style=\"text-align: center;\">desamor<\/div>\n<div style=\"text-align: center;\">explica\u00e7\u00e3o<\/div>\n<div style=\"text-align: center;\">papel de p\u00e3o<\/div>\n<div style=\"text-align: center;\">mundo desigual<\/div>\n<div style=\"text-align: center;\">samba sim<\/div>\n<div style=\"text-align: center;\">momento de paz<\/div>\n<div style=\"text-align: center;\">mar de encanto<\/div>\n<div style=\"text-align: center;\">o viol\u00e3o e a conqusta<\/div>\n<div style=\"text-align: center;\">alm\u00f4ndegas de ouro<\/div>\n<div style=\"text-align: center;\"><\/div>\n<div style=\"text-align: center;\"><\/div>\n<\/div>\n","protected":false},"excerpt":{"rendered":"<p>Olha a\u00ed, meus prezados, quem vem pintando no peda\u00e7o&#8230; Carl\u00e3o Elegante, conhece? Acredito que muito poucos fora das rodas de samba do Rio de Janeiro o conheceram. Digo isso e no tempo passado porque sou tamb\u00e9m um dos que nada &hellip; <a href=\"https:\/\/www.toque-musicall.com\/?p=1185\">Continue lendo <span class=\"meta-nav\">&rarr;<\/span><\/a><\/p>\n","protected":false},"author":1,"featured_media":0,"comment_status":"open","ping_status":"closed","sticky":false,"template":"","format":"standard","meta":{"footnotes":""},"categories":[1437],"tags":[],"class_list":["post-1185","post","type-post","status-publish","format-standard","hentry","category-carlao-elegante"],"_links":{"self":[{"href":"https:\/\/www.toque-musicall.com\/index.php?rest_route=\/wp\/v2\/posts\/1185","targetHints":{"allow":["GET"]}}],"collection":[{"href":"https:\/\/www.toque-musicall.com\/index.php?rest_route=\/wp\/v2\/posts"}],"about":[{"href":"https:\/\/www.toque-musicall.com\/index.php?rest_route=\/wp\/v2\/types\/post"}],"author":[{"embeddable":true,"href":"https:\/\/www.toque-musicall.com\/index.php?rest_route=\/wp\/v2\/users\/1"}],"replies":[{"embeddable":true,"href":"https:\/\/www.toque-musicall.com\/index.php?rest_route=%2Fwp%2Fv2%2Fcomments&post=1185"}],"version-history":[{"count":0,"href":"https:\/\/www.toque-musicall.com\/index.php?rest_route=\/wp\/v2\/posts\/1185\/revisions"}],"wp:attachment":[{"href":"https:\/\/www.toque-musicall.com\/index.php?rest_route=%2Fwp%2Fv2%2Fmedia&parent=1185"}],"wp:term":[{"taxonomy":"category","embeddable":true,"href":"https:\/\/www.toque-musicall.com\/index.php?rest_route=%2Fwp%2Fv2%2Fcategories&post=1185"},{"taxonomy":"post_tag","embeddable":true,"href":"https:\/\/www.toque-musicall.com\/index.php?rest_route=%2Fwp%2Fv2%2Ftags&post=1185"}],"curies":[{"name":"wp","href":"https:\/\/api.w.org\/{rel}","templated":true}]}}