{"id":1186,"date":"2009-05-27T09:32:00","date_gmt":"2009-05-27T09:32:00","guid":{"rendered":"http:\/\/www.toque-musicall.com\/?p=1186"},"modified":"2009-05-27T09:32:00","modified_gmt":"2009-05-27T09:32:00","slug":"cyro-monteiro-nora-ney-clementina-de-jesus-mudando-de-conversa-1972","status":"publish","type":"post","link":"https:\/\/www.toque-musicall.com\/?p=1186","title":{"rendered":"Cyro Monteiro, Nora Ney, Clementina De Jesus &#8211; Mudando De Conversa (1972)"},"content":{"rendered":"<p><a href=\"http:\/\/3.bp.blogspot.com\/_DSKVEvHtskc\/Sh0I_GYrfkI\/AAAAAAAAD4Y\/66JhZqh8QXE\/s1600-h\/Cyro,+Nora,+Clementina+e+Grupo+Rosa+de+Ouro+P.JPG\"><img decoding=\"async\" style=\"display:block; margin:0px auto 10px; text-align:center;cursor:pointer; cursor:hand;width: 400px; height: 399px;\" src=\"http:\/\/3.bp.blogspot.com\/_DSKVEvHtskc\/Sh0I_GYrfkI\/AAAAAAAAD4Y\/66JhZqh8QXE\/s400\/Cyro,+Nora,+Clementina+e+Grupo+Rosa+de+Ouro+P.JPG\" border=\"0\" alt=\"\" id=\"BLOGGER_PHOTO_ID_5340434613270183490\" \/><\/a><\/p>\n<div>Bom dia! Aqui vamos n\u00f3s na sequ\u00eancia e na cad\u00eancia bonita do samba. Desta vez trazendo um trio de ouro, Cyro Monteiro, Nora Ney e Clemetina de Jesus ao lado do Conjunto Rosa de Ouro. Como se pode ver, estamos com uma bela fortuna, criada pelo Midas, Herm\u00ednio Bello de Carvalho. Este disco \u00e9 um registro ao vivo do show &#8220;Mudando de Conversa&#8221;, criado e produzido por Herm\u00ednio em 1967 <span>no Teatro Santa Rosa, Rio de Janeiro. Participa tamb\u00e9m, ao viol\u00e3o, o jovem Jards Macal\u00e9. O espet\u00e1culo, como n\u00e3o podia deixar de ser, foi logo, no ano seguinte, transformado em disco e lan\u00e7ado pela Odeon. Em 1972 a gravadora o relan\u00e7ou pelo seu selo de venda domiciliar, o Imperial.<\/span><\/div>\n<div><span>Uma curiosidade minha que eu n\u00e3o consegui descobrir: afinal, quem eram os integrantes do Conjunto Rosa de Ouro nesta apresenta\u00e7\u00e3o? Seriam o mesmo do show\/disco de 1965? Numa pesquisa r\u00e1pida, n\u00e3o consegui juntar as pe\u00e7as desse quebra-cabe\u00e7a. Algum coment\u00e1rio esclarecedor?<\/span><\/div>\n<div><\/div>\n<div style=\"text-align: center;\"><span>lamento<\/span><\/div>\n<div style=\"text-align: center;\"><span>formosa<\/span><\/div>\n<div style=\"text-align: center;\"><span>sacode carola<\/span><\/div>\n<div style=\"text-align: center;\"><span>madame fulano de tal<\/span><\/div>\n<div style=\"text-align: center;\"><span>divina dama<\/span><\/div>\n<div style=\"text-align: center;\"><span>sofrer \u00e9 da vida<\/span><\/div>\n<div style=\"text-align: center;\"><span>risoleta<\/span><\/div>\n<div style=\"text-align: center;\"><span>mudando de conversa<\/span><\/div>\n<div style=\"text-align: center;\"><span>de cigarro em cigarro<\/span><\/div>\n<div style=\"text-align: center;\"><span>neste mesmo lugar<\/span><\/div>\n<div style=\"text-align: center;\"><span>bar da noite<\/span><\/div>\n<div style=\"text-align: center;\"><span>eu e a brisa<\/span><\/div>\n<div style=\"text-align: center;\"><span>se o carnaval acabar<\/span><\/div>\n<div style=\"text-align: center;\"><span>sabi\u00e1<\/span><\/div>\n<div style=\"text-align: center;\"><span>mulato bamba<\/span><\/div>\n<div style=\"text-align: center;\"><span>escurinho<\/span><\/div>\n<div style=\"text-align: center;\"><span>falsa baiana<\/span><\/div>\n<div style=\"text-align: center;\"><span>que samba bom<\/span><\/div>\n<div style=\"text-align: center;\"><span>meus vinte anos<\/span><\/div>\n<div style=\"text-align: center;\"><span>aves daninhas<\/span><\/div>\n<div style=\"text-align: center;\"><span>n\u00e3o te d\u00f3i a consci\u00eancia<\/span><\/div>\n<div style=\"text-align: center;\"><span>castigo<\/span><\/div>\n<div style=\"text-align: center;\"><span>n\u00e3o quero mais amar ningu\u00e9m<\/span><\/div>\n<div style=\"text-align: center;\"><span> se a saudade me apertar <\/span><\/div>\n<div style=\"text-align: center;\">saudade dela<\/div>\n<div style=\"text-align: center;\">leva meu samba<\/div>\n<div style=\"text-align: center;\"><\/div>\n<div style=\"text-align: center;\"><span  style=\"color:#000033;\"><br \/><\/span><\/div>\n","protected":false},"excerpt":{"rendered":"<p>Bom dia! Aqui vamos n\u00f3s na sequ\u00eancia e na cad\u00eancia bonita do samba. Desta vez trazendo um trio de ouro, Cyro Monteiro, Nora Ney e Clemetina de Jesus ao lado do Conjunto Rosa de Ouro. Como se pode ver, estamos &hellip; <a href=\"https:\/\/www.toque-musicall.com\/?p=1186\">Continue lendo <span class=\"meta-nav\">&rarr;<\/span><\/a><\/p>\n","protected":false},"author":1,"featured_media":0,"comment_status":"open","ping_status":"closed","sticky":false,"template":"","format":"standard","meta":{"footnotes":""},"categories":[531,1438,226,160],"tags":[],"class_list":["post-1186","post","type-post","status-publish","format-standard","hentry","category-clementina-de-jesus","category-conjunto-rosa-de-ouro","category-cyro-monteiro","category-nora-ney"],"_links":{"self":[{"href":"https:\/\/www.toque-musicall.com\/index.php?rest_route=\/wp\/v2\/posts\/1186","targetHints":{"allow":["GET"]}}],"collection":[{"href":"https:\/\/www.toque-musicall.com\/index.php?rest_route=\/wp\/v2\/posts"}],"about":[{"href":"https:\/\/www.toque-musicall.com\/index.php?rest_route=\/wp\/v2\/types\/post"}],"author":[{"embeddable":true,"href":"https:\/\/www.toque-musicall.com\/index.php?rest_route=\/wp\/v2\/users\/1"}],"replies":[{"embeddable":true,"href":"https:\/\/www.toque-musicall.com\/index.php?rest_route=%2Fwp%2Fv2%2Fcomments&post=1186"}],"version-history":[{"count":0,"href":"https:\/\/www.toque-musicall.com\/index.php?rest_route=\/wp\/v2\/posts\/1186\/revisions"}],"wp:attachment":[{"href":"https:\/\/www.toque-musicall.com\/index.php?rest_route=%2Fwp%2Fv2%2Fmedia&parent=1186"}],"wp:term":[{"taxonomy":"category","embeddable":true,"href":"https:\/\/www.toque-musicall.com\/index.php?rest_route=%2Fwp%2Fv2%2Fcategories&post=1186"},{"taxonomy":"post_tag","embeddable":true,"href":"https:\/\/www.toque-musicall.com\/index.php?rest_route=%2Fwp%2Fv2%2Ftags&post=1186"}],"curies":[{"name":"wp","href":"https:\/\/api.w.org\/{rel}","templated":true}]}}