{"id":1188,"date":"2009-05-25T10:09:00","date_gmt":"2009-05-25T10:09:00","guid":{"rendered":"http:\/\/www.toque-musicall.com\/?p=1188"},"modified":"2009-05-25T10:09:00","modified_gmt":"2009-05-25T10:09:00","slug":"zuzuca-1974","status":"publish","type":"post","link":"https:\/\/www.toque-musicall.com\/?p=1188","title":{"rendered":"Zuzuca (1974)"},"content":{"rendered":"<p><a href=\"http:\/\/4.bp.blogspot.com\/_DSKVEvHtskc\/ShpyYbiaw2I\/AAAAAAAAD3o\/TmDvTXPnL_0\/s1600-h\/zuzuca+P.JPG\"><img decoding=\"async\" style=\"display:block; margin:0px auto 10px; text-align:center;cursor:pointer; cursor:hand;width: 397px; height: 400px;\" src=\"http:\/\/4.bp.blogspot.com\/_DSKVEvHtskc\/ShpyYbiaw2I\/AAAAAAAAD3o\/TmDvTXPnL_0\/s400\/zuzuca+P.JPG\" border=\"0\" alt=\"\" id=\"BLOGGER_PHOTO_ID_5339706072235688802\" \/><\/a>Bom dia, meus prezados! Esta semana eu quero me concentrar no samba. Teremos aqui alguns discos e grava\u00e7\u00f5es que ir\u00e3o enriquecer sua discoteca virtual ou o seu blog musical :). O importante \u00e9 compartilhar o que j\u00e1 n\u00e3o se encontra para vender ou para lembrar.<\/p>\n<div>Inicio ent\u00e3o a semana com este disco nota 10 do Adil de Paula, mais conhecido com Zuzuca do Salgueiro. Para aqueles que n\u00e3o o conhecem, ele foi um d<a href=\"http:\/\/toque-musicall.blogspot.com\/2007\/11\/cinco-s-5-s-1969.html\">Os Cinco S\u00f3<\/a>, grupo de samba criado em 1968 por <a href=\"http:\/\/toque-musicall.blogspot.com\/2007\/12\/cinco-s-roda-de-samba-1971.html\">Zuzuca, Wilson Moreira, Jair do Cavaquinho, Zito e Velha<\/a>. Come\u00e7ou como compositor de sambas quando ingressou no Salgueiro. Em 1964 comp\u00f4s o samba enredo &#8220;Chico Rei&#8221; que levou o Salgueiro ao segundo lugar no Carnaval daquele ano. \u00c9 dele tamb\u00e9m, em parceria com Noel Rosa de Oliveira, o famoso samba &#8220;Vem chegando a madrugada&#8221;, sucesso na voz de Jair Rodrigues, regravado por Elizete Cardoso e outros. Tem tamb\u00e9m aquele famoso samba enredo &#8220;Festa para um rei negro&#8221;, cujo o refr\u00e3o todo mundo j\u00e1 cantou: &#8220;&#8230;pega no ganz\u00ea, pega no ganz\u00e1&#8230;&#8221; <\/div>\n<div>Este \u00e1lbum de 1974, foi seu primeiro disco solo. Um lp recheado com sambas de qualidade, onde ele gravou n\u00e3o apenas suas composi\u00e7\u00f5es, mas tamb\u00e9m de ilustres figuras como Ataulfo Alves, Nelson Cavaquinho, Geraldo Pereira, Baden e PC Pinheiro, entre outros&#8230; Confira j\u00e1 ou espere pelo gen\u00e9rico \ud83d\ude09 <\/div>\n<div><\/div>\n<div style=\"text-align: center;\">sonhos de menina<\/div>\n<div style=\"text-align: center;\">nome sagrado<\/div>\n<div style=\"text-align: center;\">vida da minha vida &#8211; pois \u00e9 &#8211; sei que \u00e9 covardia<\/div>\n<div style=\"text-align: center;\">ti\u00e3o<\/div>\n<div style=\"text-align: center;\">s\u00f3 deus<\/div>\n<div style=\"text-align: center;\">meu protetor<\/div>\n<div style=\"text-align: center;\">fim de festa<\/div>\n<div style=\"text-align: center;\">batuque do morro velho<\/div>\n<div style=\"text-align: center;\">\u00faltima forma<\/div>\n<div style=\"text-align: center;\">obriga\u00e7\u00e3o &#8211; naufrago &#8211; pisei num despacho<\/div>\n<div style=\"text-align: center;\">pedro pedregulho<\/div>\n<div style=\"text-align: center;\">liberta meu cora\u00e7\u00e3o<\/div>\n<div style=\"text-align: center;\">decad\u00eancia<\/div>\n<div style=\"text-align: center;\">meu samba, meu gong\u00e1<\/div>\n<div style=\"text-align: center;\"><\/div>\n<div style=\"text-align: center;\"><\/div>\n","protected":false},"excerpt":{"rendered":"<p>Bom dia, meus prezados! Esta semana eu quero me concentrar no samba. Teremos aqui alguns discos e grava\u00e7\u00f5es que ir\u00e3o enriquecer sua discoteca virtual ou o seu blog musical :). O importante \u00e9 compartilhar o que j\u00e1 n\u00e3o se encontra &hellip; <a href=\"https:\/\/www.toque-musicall.com\/?p=1188\">Continue lendo <span class=\"meta-nav\">&rarr;<\/span><\/a><\/p>\n","protected":false},"author":1,"featured_media":0,"comment_status":"open","ping_status":"closed","sticky":false,"template":"","format":"standard","meta":{"footnotes":""},"categories":[1371],"tags":[],"class_list":["post-1188","post","type-post","status-publish","format-standard","hentry","category-zuzuca"],"_links":{"self":[{"href":"https:\/\/www.toque-musicall.com\/index.php?rest_route=\/wp\/v2\/posts\/1188","targetHints":{"allow":["GET"]}}],"collection":[{"href":"https:\/\/www.toque-musicall.com\/index.php?rest_route=\/wp\/v2\/posts"}],"about":[{"href":"https:\/\/www.toque-musicall.com\/index.php?rest_route=\/wp\/v2\/types\/post"}],"author":[{"embeddable":true,"href":"https:\/\/www.toque-musicall.com\/index.php?rest_route=\/wp\/v2\/users\/1"}],"replies":[{"embeddable":true,"href":"https:\/\/www.toque-musicall.com\/index.php?rest_route=%2Fwp%2Fv2%2Fcomments&post=1188"}],"version-history":[{"count":0,"href":"https:\/\/www.toque-musicall.com\/index.php?rest_route=\/wp\/v2\/posts\/1188\/revisions"}],"wp:attachment":[{"href":"https:\/\/www.toque-musicall.com\/index.php?rest_route=%2Fwp%2Fv2%2Fmedia&parent=1188"}],"wp:term":[{"taxonomy":"category","embeddable":true,"href":"https:\/\/www.toque-musicall.com\/index.php?rest_route=%2Fwp%2Fv2%2Fcategories&post=1188"},{"taxonomy":"post_tag","embeddable":true,"href":"https:\/\/www.toque-musicall.com\/index.php?rest_route=%2Fwp%2Fv2%2Ftags&post=1188"}],"curies":[{"name":"wp","href":"https:\/\/api.w.org\/{rel}","templated":true}]}}