{"id":119,"date":"2012-03-15T02:46:00","date_gmt":"2012-03-15T02:46:00","guid":{"rendered":"http:\/\/www.toque-musicall.com\/?p=119"},"modified":"2012-03-15T02:46:00","modified_gmt":"2012-03-15T02:46:00","slug":"morgana-fuga-1962","status":"publish","type":"post","link":"https:\/\/www.toque-musicall.com\/?p=119","title":{"rendered":"Morgana &#8211; Fuga (1962)"},"content":{"rendered":"<p><a href=\"http:\/\/4.bp.blogspot.com\/-1IwokuWNaCM\/T2FZPZ-Tm2I\/AAAAAAAABOs\/gP_c8cd1t3M\/s1600\/morgana+Fp.JPG\"><img decoding=\"async\" style=\"display:block; margin:0px auto 10px; text-align:center;cursor:pointer; cursor:hand;width: 393px; height: 400px;\" src=\"http:\/\/4.bp.blogspot.com\/-1IwokuWNaCM\/T2FZPZ-Tm2I\/AAAAAAAABOs\/gP_c8cd1t3M\/s400\/morgana+Fp.JPG\" border=\"0\" alt=\"\" id=\"BLOGGER_PHOTO_ID_5719951122942368610\" \/><\/a><a href=\"http:\/\/3.bp.blogspot.com\/-k9R2Thj6Kss\/T2FZLfU6CzI\/AAAAAAAABOg\/RIBTU_e8-vA\/s1600\/morgana+Bp.JPG\"><img decoding=\"async\" style=\"display:block; margin:0px auto 10px; text-align:center;cursor:pointer; cursor:hand;width: 400px; height: 399px;\" src=\"http:\/\/3.bp.blogspot.com\/-k9R2Thj6Kss\/T2FZLfU6CzI\/AAAAAAAABOg\/RIBTU_e8-vA\/s400\/morgana+Bp.JPG\" border=\"0\" alt=\"\" id=\"BLOGGER_PHOTO_ID_5719951055659862834\" \/><\/a><\/p>\n<div>Boa noite, amigos cultos e ocultos! Hoje, quase que ir\u00edamos passar batido, sem postagem. Mas, felizmente, achei uma brecha entre o sono e a vontade de dormir e nela \u00e9 que vai o \u00e1lbum da Morgana. Escolhi este disco porque sei que esta cantora faz muito sucesso por aqui e al\u00e9m do mais era o que eu tinha \u00e0 m\u00e3o no momento. Espero que os amigos apreciem. Temos assim, &#8220;Fuga&#8221;, \u00e1lbum lan\u00e7ado em 1962 pela Copacabana, por sinal, com uma bel\u00edssima capa. Produzido por Nazareno de Brito e com arranjos de Pachequinho, Severino Ara\u00fajo, Ted Moreno, Ary Silva, Hector Lagna Fietta e Britinho. Por a\u00ed j\u00e1 d\u00e1 para ver o quanto sortido \u00e9 esse lp, cheio de sambas e outras coisitas mas. V\u00e3o da\u00ed que eu de c\u00e1 j\u00e1 estou dormindo. (isso sim \u00e9 que \u00e9 uma fuga) Zzzz&#8230;<\/div>\n<div><\/div>\n<div style=\"text-align: center;\">fuga<\/div>\n<div style=\"text-align: center;\">areia branca<\/div>\n<div style=\"text-align: center;\">cravo vermelho<\/div>\n<div style=\"text-align: center;\">a volta<\/div>\n<div style=\"text-align: center;\">primeira estrela que vejo<\/div>\n<div style=\"text-align: center;\">caminho perdido<\/div>\n<div style=\"text-align: center;\">maldito<\/div>\n<div style=\"text-align: center;\">maldade<\/div>\n<div style=\"text-align: center;\">ningu\u00e9m no mundo<\/div>\n<div style=\"text-align: center;\">quero paz<\/div>\n<div style=\"text-align: center;\">que tristeza \u00e9 essa<\/div>\n<div style=\"text-align: center;\">para que me enganar<\/div>\n<div style=\"text-align: center;\"><\/div>\n<div style=\"text-align: center;\"><\/div>\n<div style=\"text-align: center;\"><\/div>\n","protected":false},"excerpt":{"rendered":"<p>Boa noite, amigos cultos e ocultos! Hoje, quase que ir\u00edamos passar batido, sem postagem. Mas, felizmente, achei uma brecha entre o sono e a vontade de dormir e nela \u00e9 que vai o \u00e1lbum da Morgana. Escolhi este disco porque &hellip; <a href=\"https:\/\/www.toque-musicall.com\/?p=119\">Continue lendo <span class=\"meta-nav\">&rarr;<\/span><\/a><\/p>\n","protected":false},"author":1,"featured_media":0,"comment_status":"open","ping_status":"closed","sticky":false,"template":"","format":"standard","meta":{"footnotes":""},"categories":[215,152],"tags":[],"class_list":["post-119","post","type-post","status-publish","format-standard","hentry","category-morgana","category-selo-copacabana"],"_links":{"self":[{"href":"https:\/\/www.toque-musicall.com\/index.php?rest_route=\/wp\/v2\/posts\/119","targetHints":{"allow":["GET"]}}],"collection":[{"href":"https:\/\/www.toque-musicall.com\/index.php?rest_route=\/wp\/v2\/posts"}],"about":[{"href":"https:\/\/www.toque-musicall.com\/index.php?rest_route=\/wp\/v2\/types\/post"}],"author":[{"embeddable":true,"href":"https:\/\/www.toque-musicall.com\/index.php?rest_route=\/wp\/v2\/users\/1"}],"replies":[{"embeddable":true,"href":"https:\/\/www.toque-musicall.com\/index.php?rest_route=%2Fwp%2Fv2%2Fcomments&post=119"}],"version-history":[{"count":0,"href":"https:\/\/www.toque-musicall.com\/index.php?rest_route=\/wp\/v2\/posts\/119\/revisions"}],"wp:attachment":[{"href":"https:\/\/www.toque-musicall.com\/index.php?rest_route=%2Fwp%2Fv2%2Fmedia&parent=119"}],"wp:term":[{"taxonomy":"category","embeddable":true,"href":"https:\/\/www.toque-musicall.com\/index.php?rest_route=%2Fwp%2Fv2%2Fcategories&post=119"},{"taxonomy":"post_tag","embeddable":true,"href":"https:\/\/www.toque-musicall.com\/index.php?rest_route=%2Fwp%2Fv2%2Ftags&post=119"}],"curies":[{"name":"wp","href":"https:\/\/api.w.org\/{rel}","templated":true}]}}