{"id":1190,"date":"2009-05-23T21:33:00","date_gmt":"2009-05-23T21:33:00","guid":{"rendered":"http:\/\/www.toque-musicall.com\/?p=1190"},"modified":"2009-05-23T21:33:00","modified_gmt":"2009-05-23T21:33:00","slug":"ii-festival-internacional-da-cancao-popular-1967-2","status":"publish","type":"post","link":"https:\/\/www.toque-musicall.com\/?p=1190","title":{"rendered":"II Festival Internacional Da Can\u00e7ao Popular (1967)"},"content":{"rendered":"<p><a href=\"http:\/\/1.bp.blogspot.com\/_DSKVEvHtskc\/Shh0FiJgrOI\/AAAAAAAAD3Q\/gWUcOP4gTAo\/s1600-h\/II+FIC+Rio+P.JPG\"><img decoding=\"async\" style=\"display:block; margin:0px auto 10px; text-align:center;cursor:pointer; cursor:hand;width: 400px; height: 400px;\" src=\"http:\/\/1.bp.blogspot.com\/_DSKVEvHtskc\/Shh0FiJgrOI\/AAAAAAAAD3Q\/gWUcOP4gTAo\/s400\/II+FIC+Rio+P.JPG\" border=\"0\" alt=\"\" id=\"BLOGGER_PHOTO_ID_5339144996662586594\" \/><\/a>Um dia longo, um tanto triste, pero soy latino americano e nunca me engano. Vamos enfrente que a estrada \u00e9 a mesma para todos n\u00f3s. Somente a m\u00fasica tem o poder m\u00e1gico de nos acalentar ou de nos acompanhar. Vamos a ela&#8230;<\/p>\n<div>Hoje, embora longe das coisas que sempre ficam pr\u00f3ximas, tive o cuidado de deixar tudo preparado para n\u00e3o faltar com a postagem do dia. Estou em tr\u00e2nsito pelas estradas de Minas, mas antenado com a &#8216;blogsfera&#8217; e o resto do mundo. Reservei para o nosso s\u00e1bado este disco bacana sobre o II FIC de 1967. Acredito que n\u00e3o se trata de um \u00e1lbum oficial, mas tem tudo a ver. Temos aqui um lp lan\u00e7ado pelo selo Ritmos da Codil em 1967. Nele temos o lado A, composto de seis m\u00fasicas gravadas ao vivo no pr\u00f3prio festival, sendo que duas delas foram as finalistas &#8211; &#8220;Travesseia&#8221; com Milton Nascimento e &#8220;S\u00e3o os do norte que vem&#8221; com Claudionor Germano &#8211; respectivamente 2\u00ba e 5\u00ba lugares. No lado B temos grava\u00e7\u00f5es feitas nos est\u00fadios da Rio Som de outras que foram classificadas, com dire\u00e7\u00e3o art\u00edstica de Agostinho dos Santos.<\/p>\n<div>Conferia a\u00ed mais este toque do amigo aqui viajante \ud83d\ude09<\/div>\n<div><\/div>\n<div style=\"text-align: center;\">travessia &#8211; milton nascimento <\/div>\n<div style=\"text-align: center;\">s\u00e3o os do norte que vem &#8211; claudionor germano<\/div>\n<div style=\"text-align: center;\">morro velho &#8211; milton nascimento<\/div>\n<div style=\"text-align: center;\">fala baixinho &#8211; ademilde fonseca<\/div>\n<div style=\"text-align: center;\">se voc\u00ea voltar &#8211; zez\u00e9 gonzaga<\/div>\n<div style=\"text-align: center;\">maria, minha f\u00e9 &#8211; agostinho dos santos<\/div>\n<div style=\"text-align: center;\">margarida &#8211; maricene<\/div>\n<div style=\"text-align: center;\">carolina &#8211; maricene<\/div>\n<div style=\"text-align: center;\">segue cantando &#8211; quarteto 004<\/div>\n<div style=\"text-align: center;\">chora minha n\u00eaga &#8211; reginaldo bessa<\/div>\n<div style=\"text-align: center;\">foi no carnaval &#8211; tita<\/div>\n<div style=\"text-align: center;\">o sim pelo n\u00e3o &#8211; alcyvando luz<\/div>\n<div style=\"text-align: center;\">quem diz que sabe &#8211; quarteto 004<\/div>\n<div style=\"text-align: center;\"><\/div>\n<div style=\"text-align: center;\"><\/div>\n<\/div>\n","protected":false},"excerpt":{"rendered":"<p>Um dia longo, um tanto triste, pero soy latino americano e nunca me engano. Vamos enfrente que a estrada \u00e9 a mesma para todos n\u00f3s. Somente a m\u00fasica tem o poder m\u00e1gico de nos acalentar ou de nos acompanhar. Vamos &hellip; <a href=\"https:\/\/www.toque-musicall.com\/?p=1190\">Continue lendo <span class=\"meta-nav\">&rarr;<\/span><\/a><\/p>\n","protected":false},"author":1,"featured_media":0,"comment_status":"open","ping_status":"closed","sticky":false,"template":"","format":"standard","meta":{"footnotes":""},"categories":[278,1303],"tags":[],"class_list":["post-1190","post","type-post","status-publish","format-standard","hentry","category-festivais","category-variados"],"_links":{"self":[{"href":"https:\/\/www.toque-musicall.com\/index.php?rest_route=\/wp\/v2\/posts\/1190","targetHints":{"allow":["GET"]}}],"collection":[{"href":"https:\/\/www.toque-musicall.com\/index.php?rest_route=\/wp\/v2\/posts"}],"about":[{"href":"https:\/\/www.toque-musicall.com\/index.php?rest_route=\/wp\/v2\/types\/post"}],"author":[{"embeddable":true,"href":"https:\/\/www.toque-musicall.com\/index.php?rest_route=\/wp\/v2\/users\/1"}],"replies":[{"embeddable":true,"href":"https:\/\/www.toque-musicall.com\/index.php?rest_route=%2Fwp%2Fv2%2Fcomments&post=1190"}],"version-history":[{"count":0,"href":"https:\/\/www.toque-musicall.com\/index.php?rest_route=\/wp\/v2\/posts\/1190\/revisions"}],"wp:attachment":[{"href":"https:\/\/www.toque-musicall.com\/index.php?rest_route=%2Fwp%2Fv2%2Fmedia&parent=1190"}],"wp:term":[{"taxonomy":"category","embeddable":true,"href":"https:\/\/www.toque-musicall.com\/index.php?rest_route=%2Fwp%2Fv2%2Fcategories&post=1190"},{"taxonomy":"post_tag","embeddable":true,"href":"https:\/\/www.toque-musicall.com\/index.php?rest_route=%2Fwp%2Fv2%2Ftags&post=1190"}],"curies":[{"name":"wp","href":"https:\/\/api.w.org\/{rel}","templated":true}]}}