{"id":1193,"date":"2009-05-21T09:59:00","date_gmt":"2009-05-21T09:59:00","guid":{"rendered":"http:\/\/www.toque-musicall.com\/?p=1193"},"modified":"2009-05-21T09:59:00","modified_gmt":"2009-05-21T09:59:00","slug":"dila-podes-crer-bicho-esta-mulata-canta-paca1971","status":"publish","type":"post","link":"https:\/\/www.toque-musicall.com\/?p=1193","title":{"rendered":"Dila &#8211; Podes Crer Bicho, Esta Mulata Canta &#8220;Paca&#8221;(1971)"},"content":{"rendered":"<p><a href=\"http:\/\/1.bp.blogspot.com\/_DSKVEvHtskc\/ShUmPr2HS_I\/AAAAAAAAD24\/YAcsKLFluwY\/s1600-h\/dila+p.JPG\"><img decoding=\"async\" style=\"TEXT-ALIGN: center; MARGIN: 0px auto 10px; WIDTH: 400px; DISPLAY: block; HEIGHT: 395px; CURSOR: hand\" id=\"BLOGGER_PHOTO_ID_5338214984227179506\" border=\"0\" alt=\"\" src=\"http:\/\/1.bp.blogspot.com\/_DSKVEvHtskc\/ShUmPr2HS_I\/AAAAAAAAD24\/YAcsKLFluwY\/s400\/dila+p.JPG\" \/><\/a>Ol\u00e1 amigos cultos e ocultos, bom dia! Aqui vou trazendo para voc\u00eas mais uma grande raridade. Um \u00e1lbum\/arquivo que me acompanha desde outras encarna\u00e7\u00f5es &#8216;blogu\u00edsticas&#8217;.<br \/>Temos aqui a cantora Dila, revela\u00e7\u00e3o no in\u00edcio dos anos 70, mas que acabou ficando na promessa. Eu digo isso partindo do lac\u00f4nico texto no verso da capa do disco, onde o compositor Arnoldo Medeiros nos apresenta a cantora. Nele, Dila \u00e9 apontada como a int\u00e9rprete esperada, do n\u00edvel de Leny Andrade (ups!). Realmente, Dila \u00e9 uma excelente cantora, mas me lembrou mais a Elis Regina (sem compara\u00e7\u00f5es, por favor!), talvez pela interpreta\u00e7\u00e3o de &#8220;Madalena&#8221; de Ivan Lins, m\u00fasica a qual ela canta buscando a mesma garra da Pimentinha, talvez at\u00e9 por influ\u00eancias, sei l\u00e1&#8230; Mas percebe-se logo que ela tem uma identidade pr\u00f3pria. E o fato \u00e9 que a cantora realmente &#8216;bota pra quebrar&#8217; ao lado de feras como Durval Ferreira na guitarra\/viol\u00e3o, Romildo Cardoso no contrabaixo, Sidney no piano e Fernando e Hor\u00e1cio na bateria e percuss\u00e3o. H\u00e1 tamb\u00e9m a presen\u00e7a de metais, sax e piston, mas no lp n\u00e3o temos informa\u00e7\u00f5es. Segundo me foi informado, a cantora Dila faleceu pouco tempo depois do lan\u00e7amento deste disco em um acidente de autom\u00f3vel. Um pena, pois ela era mesmo uma cantora para botar banca.<\/p>\n<div align=\"center\">inez<\/div>\n<div align=\"center\">adeus bonfim<\/div>\n<div align=\"center\">madalena<\/div>\n<div align=\"center\">fim de papo<\/div>\n<div align=\"center\">saber\u00e1s<\/div>\n<div align=\"center\">o morro n\u00e3o tem vez<\/div>\n<div align=\"center\">como \u00e9 que \u00e9 bicho?<\/div>\n<div align=\"center\">as paredes t\u00eam ouvidos<\/div>\n<div align=\"center\">festa para um rei negro (samba enredo do salgueiro\/71)<\/div>\n<div align=\"center\">sele\u00e7\u00e3o de mangueira<\/div>\n<div align=\"center\">perdoei<\/div>\n<div align=\"center\">ref\u00e9m da solid\u00e3o<\/div>\n<div align=\"center\"><\/div>\n<div align=\"center\">.<\/div>\n<div align=\"center\"><\/div>\n<div align=\"center\"><\/div>\n","protected":false},"excerpt":{"rendered":"<p>Ol\u00e1 amigos cultos e ocultos, bom dia! Aqui vou trazendo para voc\u00eas mais uma grande raridade. Um \u00e1lbum\/arquivo que me acompanha desde outras encarna\u00e7\u00f5es &#8216;blogu\u00edsticas&#8217;.Temos aqui a cantora Dila, revela\u00e7\u00e3o no in\u00edcio dos anos 70, mas que acabou ficando na &hellip; <a href=\"https:\/\/www.toque-musicall.com\/?p=1193\">Continue lendo <span class=\"meta-nav\">&rarr;<\/span><\/a><\/p>\n","protected":false},"author":1,"featured_media":0,"comment_status":"open","ping_status":"closed","sticky":false,"template":"","format":"standard","meta":{"footnotes":""},"categories":[1442],"tags":[],"class_list":["post-1193","post","type-post","status-publish","format-standard","hentry","category-dila"],"_links":{"self":[{"href":"https:\/\/www.toque-musicall.com\/index.php?rest_route=\/wp\/v2\/posts\/1193","targetHints":{"allow":["GET"]}}],"collection":[{"href":"https:\/\/www.toque-musicall.com\/index.php?rest_route=\/wp\/v2\/posts"}],"about":[{"href":"https:\/\/www.toque-musicall.com\/index.php?rest_route=\/wp\/v2\/types\/post"}],"author":[{"embeddable":true,"href":"https:\/\/www.toque-musicall.com\/index.php?rest_route=\/wp\/v2\/users\/1"}],"replies":[{"embeddable":true,"href":"https:\/\/www.toque-musicall.com\/index.php?rest_route=%2Fwp%2Fv2%2Fcomments&post=1193"}],"version-history":[{"count":0,"href":"https:\/\/www.toque-musicall.com\/index.php?rest_route=\/wp\/v2\/posts\/1193\/revisions"}],"wp:attachment":[{"href":"https:\/\/www.toque-musicall.com\/index.php?rest_route=%2Fwp%2Fv2%2Fmedia&parent=1193"}],"wp:term":[{"taxonomy":"category","embeddable":true,"href":"https:\/\/www.toque-musicall.com\/index.php?rest_route=%2Fwp%2Fv2%2Fcategories&post=1193"},{"taxonomy":"post_tag","embeddable":true,"href":"https:\/\/www.toque-musicall.com\/index.php?rest_route=%2Fwp%2Fv2%2Ftags&post=1193"}],"curies":[{"name":"wp","href":"https:\/\/api.w.org\/{rel}","templated":true}]}}