{"id":1197,"date":"2009-05-17T10:33:00","date_gmt":"2009-05-17T10:33:00","guid":{"rendered":"http:\/\/www.toque-musicall.com\/?p=1197"},"modified":"2009-05-17T10:33:00","modified_gmt":"2009-05-17T10:33:00","slug":"zequinha-de-abreu-evocacao-i-interpretado-por-jacques-klein-ezequiel-moreira-1979","status":"publish","type":"post","link":"https:\/\/www.toque-musicall.com\/?p=1197","title":{"rendered":"Zequinha De Abreu &#8211; Evoca\u00e7\u00e3o I &#8211; Interpretado Por Jacques Klein &#038; Ezequiel Moreira (1979)"},"content":{"rendered":"<p><img decoding=\"async\" id=\"BLOGGER_PHOTO_ID_5336796545902685058\" style=\"DISPLAY: block; MARGIN: 0px auto 10px; WIDTH: 400px; CURSOR: hand; HEIGHT: 400px; TEXT-ALIGN: center\" alt=\"\" src=\"http:\/\/4.bp.blogspot.com\/_DSKVEvHtskc\/ShAcLtUPq4I\/AAAAAAAAD10\/4lsPXkCpXSc\/s400\/zequinha+P2.JPG\" border=\"0\" \/><a href=\"http:\/\/2.bp.blogspot.com\/_DSKVEvHtskc\/ShAcG_aAsmI\/AAAAAAAAD1s\/KD_i6ZHU0EU\/s1600-h\/zequinha+P1.JPG\"><img decoding=\"async\" id=\"BLOGGER_PHOTO_ID_5336796464859361890\" style=\"DISPLAY: block; MARGIN: 0px auto 10px; WIDTH: 400px; CURSOR: hand; HEIGHT: 398px; TEXT-ALIGN: center\" alt=\"\" src=\"http:\/\/2.bp.blogspot.com\/_DSKVEvHtskc\/ShAcG_aAsmI\/AAAAAAAAD1s\/KD_i6ZHU0EU\/s400\/zequinha+P1.JPG\" border=\"0\" \/><\/a>Sinalizando para outros g\u00eaneros, vou agora trazendo este \u00e1lbum muito interessante, que com certeza ir\u00e1 agradar aos meus amigos cultos e os ocultos tamb\u00e9m. Vamos hoje conhecer um pouco a obra de Zequinha de Abreu, um dos grandes compositores brasileiros do in\u00edcio do s\u00e9culo vinte.<br \/>Jos\u00e9 Gomes de Abreu foi um dos maiores compositores de valsinhas e choros. \u00c9 o autor do famoso choro &#8220;Tico-Tico no Fub\u00e1&#8221;, que foi muito divulgado no exterior, nos anos 40 por Carmen Miranda, sendo uma das m\u00fasicas brasileiras mais conhecidas.<br \/>O disco que hoje eu apresento \u00e9 uma homenagem ao compositor, feito por dois renomados instrumentistas, os pianistas cl\u00e1ssicos Jacques Klein e Ezequiel Moreira. Segundo o texto que acompanha o \u00e1lbum, &#8220;trata-se de uma experi\u00eancia descontra\u00edda, um l\u00edrico intervalo na carreira de dois m\u00fasicos eruditos&#8221; E mais, e em s\u00edntese, &#8220;s\u00e3o quatro m\u00e3os  \u00e1geis que passeiam pela obra de Zequinha de Abreu t\u00e3o a vontade como se fossem tico-ticos no fub\u00e1&#8221;. Os arranjos para  piano de todas as composi\u00e7\u00f5es s\u00e3o de Francisco Mignone. Bel\u00edssimos! Pode conferir&#8230; \ud83d\ude09<\/p>\n<div align=\"center\">os pintinhos no terreiro<\/div>\n<div align=\"center\">rosa desfolhada<\/div>\n<div align=\"center\">longe dos olhos <\/div>\n<div align=\"center\">n\u00e3o me toques<\/div>\n<div align=\"center\">\u00faltimo beijo<\/div>\n<div align=\"center\">branca<\/div>\n<div align=\"center\">levanta poeira<\/div>\n<div align=\"center\">amando sobre o mar<\/div>\n<div align=\"center\">tardes em lind\u00f3ia<\/div>\n<div align=\"center\">tico-tico no fub\u00e1<\/div>\n<div align=\"center\"><\/div>\n<div align=\"center\"><\/div>\n<div align=\"center\"> <\/div>\n<div align=\"center\"> <\/div>\n","protected":false},"excerpt":{"rendered":"<p>Sinalizando para outros g\u00eaneros, vou agora trazendo este \u00e1lbum muito interessante, que com certeza ir\u00e1 agradar aos meus amigos cultos e os ocultos tamb\u00e9m. Vamos hoje conhecer um pouco a obra de Zequinha de Abreu, um dos grandes compositores brasileiros &hellip; <a href=\"https:\/\/www.toque-musicall.com\/?p=1197\">Continue lendo <span class=\"meta-nav\">&rarr;<\/span><\/a><\/p>\n","protected":false},"author":1,"featured_media":0,"comment_status":"open","ping_status":"closed","sticky":false,"template":"","format":"standard","meta":{"footnotes":""},"categories":[1444,1097,1445],"tags":[],"class_list":["post-1197","post","type-post","status-publish","format-standard","hentry","category-ezequiel-moreira","category-jacques-klein","category-zequinha-de-abreu"],"_links":{"self":[{"href":"https:\/\/www.toque-musicall.com\/index.php?rest_route=\/wp\/v2\/posts\/1197","targetHints":{"allow":["GET"]}}],"collection":[{"href":"https:\/\/www.toque-musicall.com\/index.php?rest_route=\/wp\/v2\/posts"}],"about":[{"href":"https:\/\/www.toque-musicall.com\/index.php?rest_route=\/wp\/v2\/types\/post"}],"author":[{"embeddable":true,"href":"https:\/\/www.toque-musicall.com\/index.php?rest_route=\/wp\/v2\/users\/1"}],"replies":[{"embeddable":true,"href":"https:\/\/www.toque-musicall.com\/index.php?rest_route=%2Fwp%2Fv2%2Fcomments&post=1197"}],"version-history":[{"count":0,"href":"https:\/\/www.toque-musicall.com\/index.php?rest_route=\/wp\/v2\/posts\/1197\/revisions"}],"wp:attachment":[{"href":"https:\/\/www.toque-musicall.com\/index.php?rest_route=%2Fwp%2Fv2%2Fmedia&parent=1197"}],"wp:term":[{"taxonomy":"category","embeddable":true,"href":"https:\/\/www.toque-musicall.com\/index.php?rest_route=%2Fwp%2Fv2%2Fcategories&post=1197"},{"taxonomy":"post_tag","embeddable":true,"href":"https:\/\/www.toque-musicall.com\/index.php?rest_route=%2Fwp%2Fv2%2Ftags&post=1197"}],"curies":[{"name":"wp","href":"https:\/\/api.w.org\/{rel}","templated":true}]}}