{"id":1198,"date":"2009-05-16T09:18:00","date_gmt":"2009-05-16T09:18:00","guid":{"rendered":"http:\/\/www.toque-musicall.com\/?p=1198"},"modified":"2009-05-16T09:18:00","modified_gmt":"2009-05-16T09:18:00","slug":"hekel-tavares-2-concertos-em-formas-brasileiras-195","status":"publish","type":"post","link":"https:\/\/www.toque-musicall.com\/?p=1198","title":{"rendered":"Hekel Tavares &#8211; 2 Concertos Em Formas Brasileiras (195&#8230;)"},"content":{"rendered":"<p><a href=\"http:\/\/4.bp.blogspot.com\/_DSKVEvHtskc\/Sg6FC54gLjI\/AAAAAAAAD1k\/bY432xS8THE\/s1600-h\/HT+P.JPG\"><img decoding=\"async\" id=\"BLOGGER_PHOTO_ID_5336348893424660018\" style=\"DISPLAY: block; MARGIN: 0px auto 10px; WIDTH: 392px; CURSOR: hand; HEIGHT: 400px; TEXT-ALIGN: center\" alt=\"\" src=\"http:\/\/4.bp.blogspot.com\/_DSKVEvHtskc\/Sg6FC54gLjI\/AAAAAAAAD1k\/bY432xS8THE\/s400\/HT+P.JPG\" border=\"0\" \/><\/a>Ol\u00e1! Eu finalmente consegui um tempinho para a postagem do dia. Foi sorte, pois eu n\u00e3o pensava que conseguiria faz\u00ea-la hoje. Viajando e longe meu computador, ficou dif\u00edcil manter a rotina. Felizmente eu j\u00e1 havia preparado este disco, levando-o comigo na gaveta, para uma eventual possibilidade, como est\u00e1 sendo agora.<br \/>Tenho para voc\u00eas um dos grandes (e esquecidos) nomes da nossa m\u00fasica, o maestro e compositor Hekel Tavares, m\u00fasico que sempre transitou, como Radam\u00e9s Gnatalli, no popular e no erudito. Autor de mais de uma centena de m\u00fasicas entre can\u00e7\u00f5es, toadas sertanejas, maracatus, coco, fox-trot e tamb\u00e9m obras sinf\u00f4nicas e pe\u00e7as eruditas como este &#8220;Concerto Para Piano E Orquestra Em Formas Brasileiras&#8221;, uma obra reconhecida mundialmente, de 1941.<br \/>A m\u00fasica Hekel Tavares \u00e9 considerada neo-rom\u00e2ntica e essencialmente ligada \u00e0 cultura brasileira. Seus temas, refletem o contato direto com as manifesta\u00e7\u00f5es nordestinas em reizados, congadas, maracatus, bumba-meu-boi, nau catarineta e toda sorte de ritmos, cores e sons. Muitas de suas composi\u00e7\u00f5es, hoje em dia, s\u00e3o cantandas e consideradas erradamente como pe\u00e7as folcl\u00f3ricas ou de dom\u00ednio p\u00fablico. Foi numa dessas que o cantor Fagner se deu mal, respondendo a um processo, ao gravar sem os devidos cr\u00e9ditos a m\u00fasica de Hekel, a famosa &#8220;Penas do Ti\u00ea&#8221;, que na verdade se chama &#8220;Voc\u00ea&#8221;. Curiosamente, este caso s\u00f3 foi descoberto 26 anos depois e ningu\u00e9m at\u00e9 ent\u00e3o havia se tocado da &#8216;apropria\u00e7\u00e3o&#8217; do cantor. Ta\u00ed uma prova incontest\u00e1vel da falta de mem\u00f3ria do nosso povo. (Ou seria uma falta de cultura musical?)<br \/>Segue aqui este disco raro, gravado possivelmente no final dos anos 50, com a obra maior de Hekel, o &#8220;Concerto Para Piano E Orquestra Em Formas Brasileiras &#8211; opus 105 n. 2&#8221; e tamb\u00e9m 0 &#8220;Concerto Para Violino E Orquestra Em Formas Brasileiras &#8211; opus 107 n. 4. Neste, temos o pr\u00f3prio autor regendo a Orquestra Sinf\u00f4nica Nacional e a seu lado os solistas Oscar Borgerth para violino e Souza Lima para piano. Toque a\u00ed, que eu recomendo&#8230;<\/p>\n<div align=\"center\">concerto p\/ violino e orquestra em formas brasileiras &#8211; ops 107 n. 4<\/div>\n<div align=\"center\">modinha &#8211; 1\u00ba mov. &#8211; andante com moto allegro<\/div>\n<div align=\"center\">louva\u00e7\u00e3o &#8211; 2\u00ba mov. &#8211; lento<\/div>\n<div align=\"center\">ponteio &#8211; 3\u00ba mov. allegro risoluto &#8211; sostenuto &#8211; allegro vivace<\/div>\n<div align=\"center\">.<\/div>\n<div align=\"center\">concerto p\/ piano e orquestra em formas brasileiras &#8211; ops 105 n. 2<\/div>\n<div align=\"center\">modinha &#8211; 1\u00ba mov. &#8211; tempo di batuque &#8211; lento con simplicit\u00e1<\/div>\n<div align=\"center\">ponteiro &#8211; 2\u00ba mov. &#8211; largo &#8211; molto contabile ed expressivo<\/div>\n<div align=\"center\">maracat\u00fa &#8211; 3\u00ba mov. &#8211; lento, ma vigoroso<\/div>\n<div align=\"center\"><\/div>\n<div align=\"center\"><\/div>\n<div align=\"center\"><\/div>\n<div align=\"center\"><\/div>\n","protected":false},"excerpt":{"rendered":"<p>Ol\u00e1! Eu finalmente consegui um tempinho para a postagem do dia. Foi sorte, pois eu n\u00e3o pensava que conseguiria faz\u00ea-la hoje. Viajando e longe meu computador, ficou dif\u00edcil manter a rotina. Felizmente eu j\u00e1 havia preparado este disco, levando-o comigo &hellip; <a href=\"https:\/\/www.toque-musicall.com\/?p=1198\">Continue lendo <span class=\"meta-nav\">&rarr;<\/span><\/a><\/p>\n","protected":false},"author":1,"featured_media":0,"comment_status":"open","ping_status":"closed","sticky":false,"template":"","format":"standard","meta":{"footnotes":""},"categories":[1446],"tags":[],"class_list":["post-1198","post","type-post","status-publish","format-standard","hentry","category-hekel-tavares"],"_links":{"self":[{"href":"https:\/\/www.toque-musicall.com\/index.php?rest_route=\/wp\/v2\/posts\/1198","targetHints":{"allow":["GET"]}}],"collection":[{"href":"https:\/\/www.toque-musicall.com\/index.php?rest_route=\/wp\/v2\/posts"}],"about":[{"href":"https:\/\/www.toque-musicall.com\/index.php?rest_route=\/wp\/v2\/types\/post"}],"author":[{"embeddable":true,"href":"https:\/\/www.toque-musicall.com\/index.php?rest_route=\/wp\/v2\/users\/1"}],"replies":[{"embeddable":true,"href":"https:\/\/www.toque-musicall.com\/index.php?rest_route=%2Fwp%2Fv2%2Fcomments&post=1198"}],"version-history":[{"count":0,"href":"https:\/\/www.toque-musicall.com\/index.php?rest_route=\/wp\/v2\/posts\/1198\/revisions"}],"wp:attachment":[{"href":"https:\/\/www.toque-musicall.com\/index.php?rest_route=%2Fwp%2Fv2%2Fmedia&parent=1198"}],"wp:term":[{"taxonomy":"category","embeddable":true,"href":"https:\/\/www.toque-musicall.com\/index.php?rest_route=%2Fwp%2Fv2%2Fcategories&post=1198"},{"taxonomy":"post_tag","embeddable":true,"href":"https:\/\/www.toque-musicall.com\/index.php?rest_route=%2Fwp%2Fv2%2Ftags&post=1198"}],"curies":[{"name":"wp","href":"https:\/\/api.w.org\/{rel}","templated":true}]}}