{"id":120,"date":"2012-03-13T22:12:00","date_gmt":"2012-03-13T22:12:00","guid":{"rendered":"http:\/\/www.toque-musicall.com\/?p=120"},"modified":"2012-03-13T22:12:00","modified_gmt":"2012-03-13T22:12:00","slug":"francisco-carlos-o-internacional-1963","status":"publish","type":"post","link":"https:\/\/www.toque-musicall.com\/?p=120","title":{"rendered":"Francisco Carlos &#8211; O Internacional (1963)"},"content":{"rendered":"<p><a href=\"http:\/\/2.bp.blogspot.com\/-_2nFleqXxJw\/T1_RKdZXpII\/AAAAAAAABOQ\/kd4lMOkDtH4\/s1600\/capa+P.JPG\"><img decoding=\"async\" alt=\"\" border=\"0\" id=\"BLOGGER_PHOTO_ID_5719520029403751554\" src=\"http:\/\/2.bp.blogspot.com\/-_2nFleqXxJw\/T1_RKdZXpII\/AAAAAAAABOQ\/kd4lMOkDtH4\/s400\/capa+P.JPG\" style=\"cursor: hand; cursor: pointer; display: block; height: 394px; margin: 0px auto 10px; text-align: center; width: 400px;\" \/><\/a><a href=\"http:\/\/4.bp.blogspot.com\/-G-8zrTx51RU\/T1_RHEYCjdI\/AAAAAAAABOE\/8NHGEaKIhb8\/s1600\/contracapaP.JPG\"><img decoding=\"async\" alt=\"\" border=\"0\" id=\"BLOGGER_PHOTO_ID_5719519971147681234\" src=\"http:\/\/4.bp.blogspot.com\/-G-8zrTx51RU\/T1_RHEYCjdI\/AAAAAAAABOE\/8NHGEaKIhb8\/s400\/contracapaP.JPG\" style=\"cursor: hand; cursor: pointer; display: block; height: 392px; margin: 0px auto 10px; text-align: center; width: 400px;\" \/><\/a>Boa noite, amigos cultos, ocultos e associados! Como eu j\u00e1 havia informado, esta vai ser uma semana imprevis\u00edvel para mim e consequentemente para as postagens no blog. Estarei em viagens e n\u00e3o sei se terei tempo para nosso toque di\u00e1rio. Vamos ver&#8230;<\/p>\n<div>Segue aqui uma solicita\u00e7\u00e3o de um grande amigo. Vamos mais uma vez com o &#8216;cantor gal\u00e3&#8217;, &#8216;El Broto&#8217;, Francisco Carlos. Eis aqui um disco gravado por ele em 1963, \u00e1lbum de estr\u00e9ia na Gravadora Chantecler. N\u00e3o sei bem ao certo, mas creio que este tenha sido seu \u00faltimo disco, quando ent\u00e3o abandonou a carreira de cantor para se dedicar \u00e0s artes pl\u00e1sticas, no caso, a pintura. A capa deste disco nos mostra o cantor naquela foto t\u00edpica, prova incontest\u00e1vel de uma ida \u00e0 Europa. Ele, em 1962, participou da 5\u00aa Caravana da UBC, se apresentado em algumas cidades europ\u00e9ias. Com um repert\u00f3rio variado, trazendo principalmente vers\u00f5es de algumas m\u00fasicas internacionais, veio a seguir este \u00e1lbum, &#8220;O internacional Francisco Carlos&#8221;. Notem que neste lp temos 13 m\u00fasicas. Seria esse um n\u00famero de azar, que levou o cantor ao seu fim? Bom, se foi eu n\u00e3o sei. S\u00f3 sei que aqui ele est\u00e1 de volta. \u00c1lbum raro, dif\u00edcil de se ver e ouvir por a\u00ed. Vamos conferir? \ud83d\ude09<\/div>\n<div><\/div>\n<div style=\"text-align: center;\">foge deste amor<\/div>\n<div style=\"text-align: center;\">as folhas verdes de ver\u00e3o (the green leaves of summer)<\/div>\n<div style=\"text-align: center;\">recife lindo<\/div>\n<div style=\"text-align: center;\">a barca (la barca)<\/div>\n<div style=\"text-align: center;\">e voc\u00ea n\u00e3o dizia nada<\/div>\n<div style=\"text-align: center;\">gl\u00f3ria ao amor<\/div>\n<div style=\"text-align: center;\">samba na madrugada<\/div>\n<div style=\"text-align: center;\">suave \u00e9 a noite (tender is the night)<\/div>\n<div style=\"text-align: center;\">esperan\u00e7a (esperanza)<\/div>\n<div style=\"text-align: center;\">reflete <\/div>\n<div style=\"text-align: center;\">geremoabo<\/div>\n<div style=\"text-align: center;\">ao nascer do sol (cuando caliente el sol)<\/div>\n<div style=\"text-align: center;\">e agora (et maintenant)<\/div>\n<div style=\"text-align: center;\"><\/div>\n<div><\/div>\n","protected":false},"excerpt":{"rendered":"<p>Boa noite, amigos cultos, ocultos e associados! Como eu j\u00e1 havia informado, esta vai ser uma semana imprevis\u00edvel para mim e consequentemente para as postagens no blog. Estarei em viagens e n\u00e3o sei se terei tempo para nosso toque di\u00e1rio. &hellip; <a href=\"https:\/\/www.toque-musicall.com\/?p=120\">Continue lendo <span class=\"meta-nav\">&rarr;<\/span><\/a><\/p>\n","protected":false},"author":1,"featured_media":0,"comment_status":"open","ping_status":"closed","sticky":false,"template":"","format":"standard","meta":{"footnotes":""},"categories":[216,217],"tags":[],"class_list":["post-120","post","type-post","status-publish","format-standard","hentry","category-francisco-carlos","category-selo-chantecler"],"_links":{"self":[{"href":"https:\/\/www.toque-musicall.com\/index.php?rest_route=\/wp\/v2\/posts\/120","targetHints":{"allow":["GET"]}}],"collection":[{"href":"https:\/\/www.toque-musicall.com\/index.php?rest_route=\/wp\/v2\/posts"}],"about":[{"href":"https:\/\/www.toque-musicall.com\/index.php?rest_route=\/wp\/v2\/types\/post"}],"author":[{"embeddable":true,"href":"https:\/\/www.toque-musicall.com\/index.php?rest_route=\/wp\/v2\/users\/1"}],"replies":[{"embeddable":true,"href":"https:\/\/www.toque-musicall.com\/index.php?rest_route=%2Fwp%2Fv2%2Fcomments&post=120"}],"version-history":[{"count":0,"href":"https:\/\/www.toque-musicall.com\/index.php?rest_route=\/wp\/v2\/posts\/120\/revisions"}],"wp:attachment":[{"href":"https:\/\/www.toque-musicall.com\/index.php?rest_route=%2Fwp%2Fv2%2Fmedia&parent=120"}],"wp:term":[{"taxonomy":"category","embeddable":true,"href":"https:\/\/www.toque-musicall.com\/index.php?rest_route=%2Fwp%2Fv2%2Fcategories&post=120"},{"taxonomy":"post_tag","embeddable":true,"href":"https:\/\/www.toque-musicall.com\/index.php?rest_route=%2Fwp%2Fv2%2Ftags&post=120"}],"curies":[{"name":"wp","href":"https:\/\/api.w.org\/{rel}","templated":true}]}}