{"id":12032,"date":"2026-08-01T13:17:48","date_gmt":"2026-08-01T16:17:48","guid":{"rendered":"https:\/\/www.toque-musicall.com\/?p=12032"},"modified":"2026-08-30T13:20:34","modified_gmt":"2026-08-30T16:20:34","slug":"oliveira-e-seus-black-boys-em-novas-travessuras-musicais-1962-2","status":"publish","type":"post","link":"https:\/\/www.toque-musicall.com\/?p=12032","title":{"rendered":"Oliveira E Seus Black Boys &#8211; Em Novas Travessuras Musicais (1962)\u00a0"},"content":{"rendered":"\n<figure class=\"wp-block-image size-large\"><img decoding=\"async\" src=\"https:\/\/blogger.googleusercontent.com\/img\/b\/R29vZ2xl\/AVvXsEjMsnRFo9pPx4KEhoJ6-Pp9TXACAhNFKHAbUIvZ6cg8JJlhieCD_TgVqHWNnAKuZBEoOKsLh3PowDvp2kdiKBNvFqNaSnFMwe1ZzZHMQx8HmU5Z6qt8RFABU7ZajSAu597Hp7ZLQhIjnHF93Ogi6lxbaegy0-7iVIV7LMfiOhtaGc5B_UIsthR6HnVlbdn-\/w640-h640\/Oliveira%20E%20Seus%20Black%20Boys%20Capa%20EP.jpg\" alt=\"\"\/><\/figure>\n\n\n<div class=\"separator\">Temos aqui uma reprise compacta, literalmente. Trazemos mais uma vez Oliveira e Seus Black Boys, agora numa vers\u00e3o resumida de um disco j\u00e1 apresentado aqui h\u00e1 mais de 10 anos. Aqui, um compacto duplo apresentando quatro m\u00fasicas que fazem parte do lp &#8220;Em Novas Travessuras Musicais&#8221;. Como todos sabem, os compactos eram muito usados para essas preliminares, ou seja, eram lan\u00e7ados antes do lp para serem apresentados as r\u00e1dios e tamb\u00e9m vendidos ao p\u00fablico com uma forma de avaliar a aceita\u00e7\u00e3o e at\u00e9 mesmo medir o investimento na produ\u00e7\u00e3o de um \u00e1lbum.\u00a0<\/div>\n<div class=\"separator\">Pois bem, como j\u00e1 hav\u00edmos dito na postagem do lp, este era um grupo liderado pelo saxofonista Antonio Oliveira de Souza. Formado em 1961, exclusivamente com m\u00fasicos negros e da melhor qualidade. O repert\u00f3rio era bem variado, indo do samba ao twist, cha cha cha, bolero e fox. M\u00fasica para festa e para dan\u00e7ar. Certamente eles embalaram muitas festas, bailes e casas noturnas. Confiram&#8230;<\/div>\n<div class=\"separator\">\u00a0<\/div>\n<div class=\"separator\">liberdade demais<\/div>\n<div class=\"separator\">dang dang<\/div>\n<div class=\"separator\">pizzicati pizzicato<\/div>\n<div class=\"separator\">bong\u00f4 no cha cha cha<\/div>\n<div class=\"separator\">\u00a0<\/div>\n<div class=\"separator\">\u00a0<\/div>","protected":false},"excerpt":{"rendered":"<p>Temos aqui uma reprise compacta, literalmente. Trazemos mais uma vez Oliveira e Seus Black Boys, agora numa vers\u00e3o resumida de um disco j\u00e1 apresentado aqui h\u00e1 mais de 10 anos. Aqui, um compacto duplo apresentando quatro m\u00fasicas que fazem parte &hellip; <a href=\"https:\/\/www.toque-musicall.com\/?p=12032\">Continue lendo <span class=\"meta-nav\">&rarr;<\/span><\/a><\/p>\n","protected":false},"author":1,"featured_media":0,"comment_status":"closed","ping_status":"closed","sticky":false,"template":"","format":"standard","meta":{"footnotes":""},"categories":[1],"tags":[3072,6332,3108],"class_list":["post-12032","post","type-post","status-publish","format-standard","hentry","category-sem-categoria","tag-compactos","tag-oliveira-e-seus-black-boys","tag-selo-copacabana"],"_links":{"self":[{"href":"https:\/\/www.toque-musicall.com\/index.php?rest_route=\/wp\/v2\/posts\/12032","targetHints":{"allow":["GET"]}}],"collection":[{"href":"https:\/\/www.toque-musicall.com\/index.php?rest_route=\/wp\/v2\/posts"}],"about":[{"href":"https:\/\/www.toque-musicall.com\/index.php?rest_route=\/wp\/v2\/types\/post"}],"author":[{"embeddable":true,"href":"https:\/\/www.toque-musicall.com\/index.php?rest_route=\/wp\/v2\/users\/1"}],"replies":[{"embeddable":true,"href":"https:\/\/www.toque-musicall.com\/index.php?rest_route=%2Fwp%2Fv2%2Fcomments&post=12032"}],"version-history":[{"count":1,"href":"https:\/\/www.toque-musicall.com\/index.php?rest_route=\/wp\/v2\/posts\/12032\/revisions"}],"predecessor-version":[{"id":12033,"href":"https:\/\/www.toque-musicall.com\/index.php?rest_route=\/wp\/v2\/posts\/12032\/revisions\/12033"}],"wp:attachment":[{"href":"https:\/\/www.toque-musicall.com\/index.php?rest_route=%2Fwp%2Fv2%2Fmedia&parent=12032"}],"wp:term":[{"taxonomy":"category","embeddable":true,"href":"https:\/\/www.toque-musicall.com\/index.php?rest_route=%2Fwp%2Fv2%2Fcategories&post=12032"},{"taxonomy":"post_tag","embeddable":true,"href":"https:\/\/www.toque-musicall.com\/index.php?rest_route=%2Fwp%2Fv2%2Ftags&post=12032"}],"curies":[{"name":"wp","href":"https:\/\/api.w.org\/{rel}","templated":true}]}}