{"id":12034,"date":"2026-08-02T19:31:08","date_gmt":"2026-08-02T22:31:08","guid":{"rendered":"https:\/\/www.toque-musicall.com\/?p=12034"},"modified":"2026-08-31T19:35:12","modified_gmt":"2026-08-31T22:35:12","slug":"flashback-nacional-1971","status":"publish","type":"post","link":"https:\/\/www.toque-musicall.com\/?p=12034","title":{"rendered":"Flashback Nacional (1971)"},"content":{"rendered":"\n<figure class=\"wp-block-image size-large\"><img decoding=\"async\" src=\"https:\/\/blogger.googleusercontent.com\/img\/b\/R29vZ2xl\/AVvXsEgAqvndskOG406Q-OatO9OkXG6hM9mv7G37cEA69s3d0N43LNjlGSrfXL9iZeWNs_0N5LJp5EMwX37RwjeEqoDPDNQD_WLw92IFr1KM5_tgwKbkFT3VlgsCGYUEw0c9g5JUL_nGA73pBW1SPXJOeEwerTiN65JN6c9t53z79Yl5NLKj6ST4wzLHFWnoG1VO\/w636-h640\/Capturar.JPG\" alt=\"\"\/><\/figure>\n\n\n\n<figure class=\"wp-block-image size-large\"><img decoding=\"async\" src=\"https:\/\/blogger.googleusercontent.com\/img\/b\/R29vZ2xl\/AVvXsEj5PZ2O5QPIpjI_zAksQ8Peif4pIqo3d9r-hPqV9MMyI_iiEEpyIf9LlqGKi4eIPVvunxepkJcdQBgPDeEaw1hrxRe9jfM-LLjrwe7T5v2lujfupEeCxFF56qhTaBujpxqI9lwjbLmLboJiwMrAWpOq1o2E5GBs3jeWjHCRhW2SMdNENJfh3MUKTMr66nlj\/w640-h640\/Capturarb.JPG\" alt=\"\"\/><\/figure>\n\n\n<div class=\"separator\">Uma coisa que sempre apreciamos s\u00e3o as colet\u00e2neas, sejam elas de um mesmo artistas ou de artistas variados. A colet\u00e2nea tem essa fun\u00e7\u00e3o de condensar os melhores momentos de um artista\/banda, assim como apresentar um leque com diferentes artistas. Uma jogada comercial que tamb\u00e9m pode ter a mesma fun\u00e7\u00e3o dos discos compactos, quando uma determinada gravadora quer apresentar seus diferentes artistas, funciona como uma esp\u00e9cie de mostru\u00e1rio identificando pontenciais de sucesso e de venda.<\/div>\n<div class=\"separator\">Aqui temos uma colet\u00e2nea com artista do selo Odeon, de 1971 e j\u00e1 pela capa podemos perceber que se trata de alguns de seus melhores artista da \u00e9poca e uma sele\u00e7\u00e3o m\u00fasical de sucessos. Uma colet\u00e2nea que vale a pena ter e ouvir, s\u00f3 m\u00fasica boa. E \u00e9 por isso que merece o nosso toque musical. Confiram no GTM&#8230;<\/div>\n<div class=\"separator\">\u00a0<\/div>\n<div class=\"separator\">viola enluarada &#8211; marcos valle e milton nascimento<\/div>\n<div class=\"separator\">andan\u00e7a &#8211; beth carvalho e golden boys<\/div>\n<div class=\"separator\">das 200 para l\u00e1 &#8211; eliana pittman<\/div>\n<div class=\"separator\">como dois e dois &#8211; claudia<\/div>\n<div class=\"separator\">menina da ladeira &#8211; jo\u00e3o s\u00f3<\/div>\n<div class=\"separator\">me deixa em paz &#8211; alaide costa e milton nascimento<\/div>\n<div class=\"separator\">foi um rio que pasou em minha vida &#8211; paulinho da viola<\/div>\n<div class=\"separator\">\u00ea baiana &#8211; clara nunes<\/div>\n<div class=\"separator\">quero voltar pra bahia &#8211; paulo diniz<\/div>\n<div class=\"separator\">al\u00f4 fevereiro &#8211; doris monteiro<\/div>\n<div class=\"separator\">helena helena helena &#8211; taiguara<\/div>\n<div class=\"separator\">a minha prece de amor &#8211; silvio cesar<\/div>\n<div class=\"separator\">\u00a0<\/div>\n<div class=\"separator\">\u00a0<\/div>\n<div class=\"separator\">.<\/div>\n<div class=\"separator\">\u00a0<\/div>","protected":false},"excerpt":{"rendered":"<p>Uma coisa que sempre apreciamos s\u00e3o as colet\u00e2neas, sejam elas de um mesmo artistas ou de artistas variados. A colet\u00e2nea tem essa fun\u00e7\u00e3o de condensar os melhores momentos de um artista\/banda, assim como apresentar um leque com diferentes artistas. Uma &hellip; <a href=\"https:\/\/www.toque-musicall.com\/?p=12034\">Continue lendo <span class=\"meta-nav\">&rarr;<\/span><\/a><\/p>\n","protected":false},"author":1,"featured_media":0,"comment_status":"closed","ping_status":"closed","sticky":false,"template":"","format":"standard","meta":{"footnotes":""},"categories":[1],"tags":[3671,4224,5954,4320,3158,4751,3664,6333,4956,3232,3321,5189,3153,5951,5955],"class_list":["post-12034","post","type-post","status-publish","format-standard","hentry","category-sem-categoria","tag-alaide-costa","tag-beth-carvalho","tag-clara-nunes","tag-claudia","tag-coletanea","tag-doris-monteiro","tag-eliana-pittman","tag-joao-so","tag-marcos-valle","tag-milton-nascimento","tag-paulinho-da-viola","tag-paulo-diniz","tag-selo-odeon","tag-silvio-cesar","tag-taiguara"],"_links":{"self":[{"href":"https:\/\/www.toque-musicall.com\/index.php?rest_route=\/wp\/v2\/posts\/12034","targetHints":{"allow":["GET"]}}],"collection":[{"href":"https:\/\/www.toque-musicall.com\/index.php?rest_route=\/wp\/v2\/posts"}],"about":[{"href":"https:\/\/www.toque-musicall.com\/index.php?rest_route=\/wp\/v2\/types\/post"}],"author":[{"embeddable":true,"href":"https:\/\/www.toque-musicall.com\/index.php?rest_route=\/wp\/v2\/users\/1"}],"replies":[{"embeddable":true,"href":"https:\/\/www.toque-musicall.com\/index.php?rest_route=%2Fwp%2Fv2%2Fcomments&post=12034"}],"version-history":[{"count":1,"href":"https:\/\/www.toque-musicall.com\/index.php?rest_route=\/wp\/v2\/posts\/12034\/revisions"}],"predecessor-version":[{"id":12035,"href":"https:\/\/www.toque-musicall.com\/index.php?rest_route=\/wp\/v2\/posts\/12034\/revisions\/12035"}],"wp:attachment":[{"href":"https:\/\/www.toque-musicall.com\/index.php?rest_route=%2Fwp%2Fv2%2Fmedia&parent=12034"}],"wp:term":[{"taxonomy":"category","embeddable":true,"href":"https:\/\/www.toque-musicall.com\/index.php?rest_route=%2Fwp%2Fv2%2Fcategories&post=12034"},{"taxonomy":"post_tag","embeddable":true,"href":"https:\/\/www.toque-musicall.com\/index.php?rest_route=%2Fwp%2Fv2%2Ftags&post=12034"}],"curies":[{"name":"wp","href":"https:\/\/api.w.org\/{rel}","templated":true}]}}