{"id":12036,"date":"2026-08-03T19:35:17","date_gmt":"2026-08-03T22:35:17","guid":{"rendered":"https:\/\/www.toque-musicall.com\/?p=12036"},"modified":"2026-08-31T19:37:11","modified_gmt":"2026-08-31T22:37:11","slug":"janaina-arvoredo-1980","status":"publish","type":"post","link":"https:\/\/www.toque-musicall.com\/?p=12036","title":{"rendered":"Jana\u00edna &#8211; Arvoredo (1980)"},"content":{"rendered":"\n<figure class=\"wp-block-image size-large\"><img decoding=\"async\" src=\"https:\/\/blogger.googleusercontent.com\/img\/b\/R29vZ2xl\/AVvXsEh4T9cTMW_a2fBflex9yqMZsKfNVdEqtkibYMmutxjEV2C81t-SnJxbIuVaLc4MKbDwbxLAKNV8SNIqIYq9Rq6yCJKqaaZTgVgasKxj-HNN72ehKZaMoj25Ob80j_J9E6EbDl2uzbYcPzTOLfEv_Hwt8M2WGNIaz3QVtiHWok6wkWuQt2ve0wOcmUehu4Y-\/w640-h640\/Capturar.JPG\" alt=\"\"\/><\/figure>\n\n\n\n<figure class=\"wp-block-image size-large\"><img decoding=\"async\" src=\"https:\/\/blogger.googleusercontent.com\/img\/b\/R29vZ2xl\/AVvXsEhFgxh0Jf6NSR2dQj8GtokQkXRqZNEurx8X0xPkeOkK0qG6UxnEmGYQMW2SpFTTNBg1lD62slQ-kxvSnJoir70mzZbg7diT7rFRJAZwN8ZPWfaOSYaZunR-05D4udTmSwsortHiEZBlotkX55bTme8Vd_8ztQj7qsXumiEk8J1B1xOi59bPQ4mUidKx6zVO\/w638-h640\/Capturarb.JPG\" alt=\"\"\/><\/figure>\n\n\n<div class=\"separator\">Temos para hoje uma contribui\u00e7\u00e3o do amigo Rafael Molive, um lp que vale o nosso toque musical. &#8220;Arvoredo&#8221; \u00e9 o elegiado \u00e1lbum de est\u00fadio da cantora Jana\u00edna (nome art\u00edstico de Id\u00ea Marques Machado), lan\u00e7ado pelo selo RCA Victor no ano de 1980. O trabalho destaca-se no cen\u00e1rio da mpb por reunir composi\u00e7\u00f5es de alguns dos maiores expoentes do samba naquela \u00e9poca. Sem d\u00favida, um disco muito bom e que por acaso poucos realmente conhecem. Mais uma boa raz\u00e3o para apresent\u00e1-lo aqui.. Confira no nosso GTM.<\/div>\n<div class=\"separator\">\u00a0<\/div>\n<div class=\"separator\">meu perd\u00e3o<\/div>\n<div class=\"separator\">lado esquerdo<\/div>\n<div class=\"separator\">gato e sapato<\/div>\n<div class=\"separator\">n\u00e3o me mate de amor<\/div>\n<div class=\"separator\">malandro procurando<\/div>\n<div class=\"separator\">ou tudo ou nada<\/div>\n<div class=\"separator\">sereia guiomar<\/div>\n<div class=\"separator\">giro no passado<\/div>\n<div class=\"separator\">nosso amor terminou<\/div>\n<div class=\"separator\">felicidade \u00e9 ser gente<\/div>\n<div class=\"separator\">o arvoredo<\/div>\n<div class=\"separator\">\u00a0<\/div>\n<div class=\"separator\">\u00a0<\/div>\n<div class=\"separator\">.<\/div>\n<p>&nbsp;<\/p>","protected":false},"excerpt":{"rendered":"<p>Temos para hoje uma contribui\u00e7\u00e3o do amigo Rafael Molive, um lp que vale o nosso toque musical. &#8220;Arvoredo&#8221; \u00e9 o elegiado \u00e1lbum de est\u00fadio da cantora Jana\u00edna (nome art\u00edstico de Id\u00ea Marques Machado), lan\u00e7ado pelo selo RCA Victor no ano &hellip; <a href=\"https:\/\/www.toque-musicall.com\/?p=12036\">Continue lendo <span class=\"meta-nav\">&rarr;<\/span><\/a><\/p>\n","protected":false},"author":1,"featured_media":0,"comment_status":"closed","ping_status":"closed","sticky":false,"template":"","format":"standard","meta":{"footnotes":""},"categories":[1],"tags":[6334,3040],"class_list":["post-12036","post","type-post","status-publish","format-standard","hentry","category-sem-categoria","tag-janaina","tag-selo-rca"],"_links":{"self":[{"href":"https:\/\/www.toque-musicall.com\/index.php?rest_route=\/wp\/v2\/posts\/12036","targetHints":{"allow":["GET"]}}],"collection":[{"href":"https:\/\/www.toque-musicall.com\/index.php?rest_route=\/wp\/v2\/posts"}],"about":[{"href":"https:\/\/www.toque-musicall.com\/index.php?rest_route=\/wp\/v2\/types\/post"}],"author":[{"embeddable":true,"href":"https:\/\/www.toque-musicall.com\/index.php?rest_route=\/wp\/v2\/users\/1"}],"replies":[{"embeddable":true,"href":"https:\/\/www.toque-musicall.com\/index.php?rest_route=%2Fwp%2Fv2%2Fcomments&post=12036"}],"version-history":[{"count":1,"href":"https:\/\/www.toque-musicall.com\/index.php?rest_route=\/wp\/v2\/posts\/12036\/revisions"}],"predecessor-version":[{"id":12037,"href":"https:\/\/www.toque-musicall.com\/index.php?rest_route=\/wp\/v2\/posts\/12036\/revisions\/12037"}],"wp:attachment":[{"href":"https:\/\/www.toque-musicall.com\/index.php?rest_route=%2Fwp%2Fv2%2Fmedia&parent=12036"}],"wp:term":[{"taxonomy":"category","embeddable":true,"href":"https:\/\/www.toque-musicall.com\/index.php?rest_route=%2Fwp%2Fv2%2Fcategories&post=12036"},{"taxonomy":"post_tag","embeddable":true,"href":"https:\/\/www.toque-musicall.com\/index.php?rest_route=%2Fwp%2Fv2%2Ftags&post=12036"}],"curies":[{"name":"wp","href":"https:\/\/api.w.org\/{rel}","templated":true}]}}