{"id":12038,"date":"2026-08-04T21:00:11","date_gmt":"2026-08-05T00:00:11","guid":{"rendered":"https:\/\/www.toque-musicall.com\/?p=12038"},"modified":"2026-08-31T21:01:58","modified_gmt":"2026-09-01T00:01:58","slug":"malu-moraes-1980","status":"publish","type":"post","link":"https:\/\/www.toque-musicall.com\/?p=12038","title":{"rendered":"Mal\u00fa Moraes (1980)"},"content":{"rendered":"\n<figure class=\"wp-block-image size-large\"><img decoding=\"async\" src=\"https:\/\/blogger.googleusercontent.com\/img\/b\/R29vZ2xl\/AVvXsEhC1UYu2F7Da2EdagZlYgVefQXzYweUAbm_KCx8UMEB_nsMNEfRaKjQs4GHlnilR_oK1GAuWx87HKRX9wDJxn6mMuhZ5XGREarRR3rnXCc-OxCGlcp2yN5KT2yxaZBNxqWb0V1QLGsq5huoYnt7QokVlqyyVShfnsfp2PYC5Ckz5PhFHzh6FPLbm4jGjIIm\/w636-h640\/Capturar.JPG\" alt=\"\"\/><\/figure>\n\n\n\n<figure class=\"wp-block-image size-large\"><img decoding=\"async\" src=\"https:\/\/blogger.googleusercontent.com\/img\/b\/R29vZ2xl\/AVvXsEi4uvAfEE0pNBZPXUVTwY6nJr2RFrbOkNubbBU3wiwaxAznQgvnoDZu8kgl_6ghNO8ZymqCZTBiQC0yZFH_0y8W9LPp1c4kFJ25VceS4vS_PBU5WaKPaij03C3SXCvBusE8AHTtSfs4j7nrqGEheWpFGzz3p00netB5XlZHd6l0IwLUqqdvnbdgWbk-2rJI\/w634-h640\/Capturarb.JPG\" alt=\"\"\/><\/figure>\n\n\n<div class=\"separator\">Trazemos hoje um raro lp da cantora, atriz e produtora cultural Malu Moraes. Este foi seu \u00fanico disco, gravado em 1980 pelo selo Continental. Infelizmente ela faleceu em 2024, aos 78 anos. Malu atuava em Bras\u00edlia, trabalhando com teatro, cinema e m\u00fasica. Neste seu \u00fanico disco ela contou com participa\u00e7\u00f5es importantes de artistas como Aldir Blanc, Jo\u00e3o Bosco, Danilo Caymmi, Cacaso e Wilson das Neves. Um disco cujo o repert\u00f3rio \u00e9 essencialmente de m\u00fasica popular brasileira, composi\u00e7\u00f5es de grandes nomes. Vale a pena conhecer e ouvir&#8230;<\/div>\n<div class=\"separator\">\u00a0<\/div>\n<div class=\"separator\">brilho<\/div>\n<div class=\"separator\">resto de lembran\u00e7a<\/div>\n<div class=\"separator\">perversa<\/div>\n<div class=\"separator\">pref\u00e1cio<\/div>\n<div class=\"separator\">rom\u00e2ntica<\/div>\n<div class=\"separator\">total indiferen\u00e7a<\/div>\n<div class=\"separator\">quem mandou<\/div>\n<div class=\"separator\">retorno<\/div>\n<div class=\"separator\">fotografia<\/div>\n<div class=\"separator\">maring\u00e1<\/div>\n<div class=\"separator\">\u00a0<\/div>\n<div class=\"separator\">\u00a0<\/div>\n<div class=\"separator\">.<\/div>\n<div class=\"separator\">\u00a0<\/div>","protected":false},"excerpt":{"rendered":"<p>Trazemos hoje um raro lp da cantora, atriz e produtora cultural Malu Moraes. Este foi seu \u00fanico disco, gravado em 1980 pelo selo Continental. Infelizmente ela faleceu em 2024, aos 78 anos. Malu atuava em Bras\u00edlia, trabalhando com teatro, cinema &hellip; <a href=\"https:\/\/www.toque-musicall.com\/?p=12038\">Continue lendo <span class=\"meta-nav\">&rarr;<\/span><\/a><\/p>\n","protected":false},"author":1,"featured_media":0,"comment_status":"closed","ping_status":"closed","sticky":false,"template":"","format":"standard","meta":{"footnotes":""},"categories":[1],"tags":[6335,3327],"class_list":["post-12038","post","type-post","status-publish","format-standard","hentry","category-sem-categoria","tag-malu-moraes","tag-selo-continental"],"_links":{"self":[{"href":"https:\/\/www.toque-musicall.com\/index.php?rest_route=\/wp\/v2\/posts\/12038","targetHints":{"allow":["GET"]}}],"collection":[{"href":"https:\/\/www.toque-musicall.com\/index.php?rest_route=\/wp\/v2\/posts"}],"about":[{"href":"https:\/\/www.toque-musicall.com\/index.php?rest_route=\/wp\/v2\/types\/post"}],"author":[{"embeddable":true,"href":"https:\/\/www.toque-musicall.com\/index.php?rest_route=\/wp\/v2\/users\/1"}],"replies":[{"embeddable":true,"href":"https:\/\/www.toque-musicall.com\/index.php?rest_route=%2Fwp%2Fv2%2Fcomments&post=12038"}],"version-history":[{"count":1,"href":"https:\/\/www.toque-musicall.com\/index.php?rest_route=\/wp\/v2\/posts\/12038\/revisions"}],"predecessor-version":[{"id":12039,"href":"https:\/\/www.toque-musicall.com\/index.php?rest_route=\/wp\/v2\/posts\/12038\/revisions\/12039"}],"wp:attachment":[{"href":"https:\/\/www.toque-musicall.com\/index.php?rest_route=%2Fwp%2Fv2%2Fmedia&parent=12038"}],"wp:term":[{"taxonomy":"category","embeddable":true,"href":"https:\/\/www.toque-musicall.com\/index.php?rest_route=%2Fwp%2Fv2%2Fcategories&post=12038"},{"taxonomy":"post_tag","embeddable":true,"href":"https:\/\/www.toque-musicall.com\/index.php?rest_route=%2Fwp%2Fv2%2Ftags&post=12038"}],"curies":[{"name":"wp","href":"https:\/\/api.w.org\/{rel}","templated":true}]}}