{"id":12041,"date":"2026-08-05T20:39:41","date_gmt":"2026-08-05T23:39:41","guid":{"rendered":"https:\/\/www.toque-musicall.com\/?p=12041"},"modified":"2026-09-02T20:42:19","modified_gmt":"2026-09-02T23:42:19","slug":"cyro-aguiar-1990","status":"publish","type":"post","link":"https:\/\/www.toque-musicall.com\/?p=12041","title":{"rendered":"Cyro Aguiar (1990)"},"content":{"rendered":"\n<figure class=\"wp-block-image size-large\"><img decoding=\"async\" src=\"https:\/\/blogger.googleusercontent.com\/img\/b\/R29vZ2xl\/AVvXsEhaCBcyKvI-p7NCbvHp8gRsHsg4WvovewPA4lisVBnIncqu590ztAIulgEFWuFRtI9Bladk-Wr6Rtfr-DO1nfx-Dpjwm3FRmVdhUxmGjBxQrcdjS61w2DV_vWlkKJXg8vxnvJKsBxfHCy-1xCAEw-KN5G0CwuFHZVEEIoXgtRTyM8ajZhGpo8W_ce-CMNIF\/w640-h628\/Capturar.JPG\" alt=\"\"\/><\/figure>\n\n\n\n<figure class=\"wp-block-image size-large\"><img decoding=\"async\" src=\"https:\/\/blogger.googleusercontent.com\/img\/b\/R29vZ2xl\/AVvXsEhvO2aPdeC2glVo3x22tAH2GFCHXDZvy15t1NlwkCvyptv7LVCwMkWay_KgyDNi0gMFvGkwTQgN7FqhfqZ4BpBIF4C_QYEBRvxLZWYy3wk6fBW8NTOKjZkcgM5_OA7hfIbX_SptV0tFJcmM3jOcs_F42rKIdbRP3ccffxKTfKVLCpWYGTDHMrU0GCD6-s-r\/w640-h636\/Capturarb.JPG\" alt=\"\"\/><\/figure>\n\n\n<div class=\"separator\">Hoje vamos com o cantor e compositor baiano Cyro Aguiar. J\u00e1 tivemos a oportunidade de apresent\u00e1-lo aqui outras vezes. Artista, por certo, bem conhecido do p\u00fablico. Fez muito sucesso nos anos 60 e 70. Come\u00e7ou sua carreira junto ao movimento da Jovem Guarda. E \u00e9 justamente desse per\u00edodo que este disco que apresentamos fala. Aqui temos uma sele\u00e7\u00e3o de seus sucessos na \u00e9poca da Jovem Guarda. Trata-se de uma edi\u00e7\u00e3o independente cujo selo traz o nome Cyar, ou seja, uma produ\u00e7\u00e3o certamente ligada ao artista. O interessante desse disco \u00e9 que traz uma sele\u00e7\u00e3o com m\u00fasicas que ele lan\u00e7ou nos anos 60 apenas em compacto. Para os amantes da Jovem Guarda \u00e9 uma colet\u00e2nea perfeita. Vale a pena ouvir&#8230;<\/div>\n<div class=\"separator\">\u00a0<\/div>\n<div class=\"separator\">a loucura das garotas<\/div>\n<div class=\"separator\">suck&#8217;um up<\/div>\n<div class=\"separator\">rei de maracatu<\/div>\n<div class=\"separator\">sele\u00e7\u00e3o de sucessos:<\/div>\n<div class=\"separator\">boadeiro, tico tico, sabi\u00e1, p\u00e9 de serra, assum preto<\/div>\n<div class=\"separator\">leninha<\/div>\n<div class=\"separator\">preso por um beijo<\/div>\n<div class=\"separator\">o gavi\u00e3o<\/div>\n<div class=\"separator\">desprezado<\/div>\n<div class=\"separator\">igual a uma boneca<\/div>\n<div class=\"separator\">meia noite<\/div>\n<div class=\"separator\">cartas de amor na areia<\/div>\n<div class=\"separator\">rosa<\/div>\n<div class=\"separator\">sereno<\/div>\n<div class=\"separator\">sim\u00e3o diz<\/div>\n<div class=\"separator\">\u00a0<\/div>\n<div class=\"separator\">\u00a0<\/div>\n<div class=\"separator\">.<\/div>","protected":false},"excerpt":{"rendered":"<p>Hoje vamos com o cantor e compositor baiano Cyro Aguiar. J\u00e1 tivemos a oportunidade de apresent\u00e1-lo aqui outras vezes. Artista, por certo, bem conhecido do p\u00fablico. Fez muito sucesso nos anos 60 e 70. Come\u00e7ou sua carreira junto ao movimento &hellip; <a href=\"https:\/\/www.toque-musicall.com\/?p=12041\">Continue lendo <span class=\"meta-nav\">&rarr;<\/span><\/a><\/p>\n","protected":false},"author":1,"featured_media":0,"comment_status":"closed","ping_status":"closed","sticky":false,"template":"","format":"standard","meta":{"footnotes":""},"categories":[1],"tags":[3869,3017],"class_list":["post-12041","post","type-post","status-publish","format-standard","hentry","category-sem-categoria","tag-cyro-aguiar","tag-selo-independente"],"_links":{"self":[{"href":"https:\/\/www.toque-musicall.com\/index.php?rest_route=\/wp\/v2\/posts\/12041","targetHints":{"allow":["GET"]}}],"collection":[{"href":"https:\/\/www.toque-musicall.com\/index.php?rest_route=\/wp\/v2\/posts"}],"about":[{"href":"https:\/\/www.toque-musicall.com\/index.php?rest_route=\/wp\/v2\/types\/post"}],"author":[{"embeddable":true,"href":"https:\/\/www.toque-musicall.com\/index.php?rest_route=\/wp\/v2\/users\/1"}],"replies":[{"embeddable":true,"href":"https:\/\/www.toque-musicall.com\/index.php?rest_route=%2Fwp%2Fv2%2Fcomments&post=12041"}],"version-history":[{"count":1,"href":"https:\/\/www.toque-musicall.com\/index.php?rest_route=\/wp\/v2\/posts\/12041\/revisions"}],"predecessor-version":[{"id":12042,"href":"https:\/\/www.toque-musicall.com\/index.php?rest_route=\/wp\/v2\/posts\/12041\/revisions\/12042"}],"wp:attachment":[{"href":"https:\/\/www.toque-musicall.com\/index.php?rest_route=%2Fwp%2Fv2%2Fmedia&parent=12041"}],"wp:term":[{"taxonomy":"category","embeddable":true,"href":"https:\/\/www.toque-musicall.com\/index.php?rest_route=%2Fwp%2Fv2%2Fcategories&post=12041"},{"taxonomy":"post_tag","embeddable":true,"href":"https:\/\/www.toque-musicall.com\/index.php?rest_route=%2Fwp%2Fv2%2Ftags&post=12041"}],"curies":[{"name":"wp","href":"https:\/\/api.w.org\/{rel}","templated":true}]}}