{"id":121,"date":"2012-03-13T01:30:00","date_gmt":"2012-03-13T01:30:00","guid":{"rendered":"http:\/\/www.toque-musicall.com\/?p=121"},"modified":"2012-03-13T01:30:00","modified_gmt":"2012-03-13T01:30:00","slug":"pedro-raimundo-selecao-78-rpm-do-toque-musical-vol-13-2012","status":"publish","type":"post","link":"https:\/\/www.toque-musicall.com\/?p=121","title":{"rendered":"Pedro Raimundo &#8211; Sele\u00e7\u00e3o 78 RPM Do Toque Musical &#8211; Vol. 13 (2012)"},"content":{"rendered":"<p><a href=\"http:\/\/3.bp.blogspot.com\/-6Djzk0IhfCs\/T16j0ewV0UI\/AAAAAAAABNs\/Bd-FDWPTWm4\/s1600\/CAPA+P.JPG\"><img decoding=\"async\" style=\"display:block; margin:0px auto 10px; text-align:center;cursor:pointer; cursor:hand;width: 400px; height: 400px;\" src=\"http:\/\/3.bp.blogspot.com\/-6Djzk0IhfCs\/T16j0ewV0UI\/AAAAAAAABNs\/Bd-FDWPTWm4\/s400\/CAPA+P.JPG\" border=\"0\" alt=\"\" id=\"BLOGGER_PHOTO_ID_5719188698811453762\" \/><\/a><a href=\"http:\/\/1.bp.blogspot.com\/-oPodSSyXaYk\/T16jwCiY4VI\/AAAAAAAABNg\/AsOex-K-fzA\/s1600\/CONTRACAPA+p.JPG\"><img decoding=\"async\" style=\"display:block; margin:0px auto 10px; text-align:center;cursor:pointer; cursor:hand;width: 400px; height: 400px;\" src=\"http:\/\/1.bp.blogspot.com\/-oPodSSyXaYk\/T16jwCiY4VI\/AAAAAAAABNg\/AsOex-K-fzA\/s400\/CONTRACAPA+p.JPG\" border=\"0\" alt=\"\" id=\"BLOGGER_PHOTO_ID_5719188622517264722\" \/><\/a><span style=\"font-size:12.0pt;font-family:\"Times New Roman\"; mso-fareast-font-family:\"Lucida Sans Unicode\";mso-bidi-font-family:Tahoma; mso-ansi-language:PT-BR\">Pois \u00e9, amigos cultos e ocultos! Esta d\u00e9cima-terceira edi\u00e7\u00e3o do Gran Record Brazil vem regada a churrasco e chimarr\u00e3o! \u00c9 com muita satisfa\u00e7\u00e3o que trazemos de volta o inesquec\u00edvel Pedro Raimundo, \u201co ga\u00facho alegre do r\u00e1dio\u201d. Apesar de ter esse slogan, Pedro Raimundo era catarinense de Imaru\u00ed, nascido em 29 de junho de 1906, e falecido no Rio de Janeiro em 9 de julho de 1973. Era filho de um pescador e sanfoneiro, e aos oito anos come\u00e7ou a \u201cafufar o fole\u201d. Mais tarde, l\u00e1 mesmo em Imaru\u00ed, fez parte da banda Amor \u00e0 Ordem, al\u00e9m de se apresentar em festinhas. Aos 17 anos, Pedro largou o anzol e foi trabalhar na constru\u00e7\u00e3o da Estrada de Ferro Esplanada-Rio Deserto. Casou-se em 1926, e morou nas cidades catarinenses de Lauro Muller, Blumenau e Laguna, fixando-se, em 1929, na capital ga\u00facha, Porto Alegre, onde foi condutor de bonde e inspetor de tr\u00e1fego, e em seus momentos de folga se apresentava nos caf\u00e9s do Mercado. Em 1939, ingressou na R\u00e1dio Farroupilha, onde fundou o Quarteto dos Ta\u00faras, atuando em quase todas as r\u00e1dios portoalegrenses, e sendo muito solicitado para excurs\u00f5es, uma delas, em 1942, pelo interior riograndense. Um ano mais tarde, mudou-se para o Rio de Janeiro, a convite de Almirante, que o levou para a lend\u00e1ria R\u00e1dio Nacional. Ainda em 1943, gravou o primeiro disco, na Columbia, mais tarde Continental, com o choro \u201cTico-tico no terreiro\u201d<span style=\"mso-spacerun: yes\">  <\/span>e o xote \u201cAdeus, Mariana\u201d, hits imediatos. Em suas apresenta\u00e7\u00f5es, Pedro Raimundo alternava m\u00fasicas alegres com outras sentimentais, e foi o primeiro artista t\u00edpico ga\u00facho a alcan\u00e7ar fama nacional, inclusive com vestimentas t\u00edpicas (bombachas, len\u00e7o no pesco\u00e7o, botas, esporas, chap\u00e9u e guaiaca).<span style=\"mso-spacerun: yes\">                                                   <\/span>Nesta edi\u00e7\u00e3o do GRB, alguns dos melhores momentos da vitoriosa carreira de Pedro Raimundo, a maior parte em grava\u00e7\u00f5es Continental, e mais um disco de sua fase na Todam\u00e9rica. Em ordem cronol\u00f3gica de lan\u00e7amento, as m\u00fasicas s\u00e3o as seguintes, quase todas de sua autoria com ou sem parceiros: do Continental 15127, lan\u00e7ado em abril de 1944, a toada \u201cO carreteiro\u201d (dele com Piraj\u00e1), matriz 734, e a valsa \u201cContigo no pensamento\u201d, matriz 735. Em seguida, o disco 15404, lan\u00e7ado em agosto de 1946, com a toada \u201cGauchada\u201d, matriz 1176, e o tango \u201cM\u00e1goas de amor\u201d, matriz 1175.<span style=\"mso-spacerun: yes\">  <\/span>No 78 de n\u00famero 15599, gravado em 12 de setembro de 1945 com acompanhamento do regional de N\u00e9lson Miranda e lan\u00e7ado apenas em mar\u00e7o de 46, apareceram o xote \u201cGa\u00facha malvada\u201d (dele com Mutt), matriz 1278,<span style=\"mso-spacerun: yes\">  <\/span>e a valsa \u201cSofrer sorrindo\u201d, matriz 1279. Em seguida, o disco 15790, gravado em 30 de maio de 1947 e lan\u00e7ado em junho-julho do mesmo ano, com o chorinho \u201cChico da Ronda\u201d, matriz 1673, e a polca \u201cNa casa do Zebedeu\u201d, matriz 1672. Ainda na Continental, vem em seguida o disco 16190, lan\u00e7ado em mar\u00e7o-abril de 1950, trazendo a polca \u201cFesta na fazenda\u201d, de Pedro Sertanejo, ocupando os dois lados do 78 (matrizes 2265-2266) e com acompanhamento de conjunto. Por fim, do tempo em que Pedro Raimundo estava na Todam\u00e9rica, o disco TA-5054, gravado em 16 de fevereiro de 1951 e lan\u00e7ado em abril do mesmo ano, com acompanhamento do conjunto do violonista Pereira Filho, trazendo a valsa \u201cPingo Mulato\u201d, matriz TA-88, e o bai\u00e3o \u201cOriental\u201d, matriz TA-87. Esta edi\u00e7\u00e3o do GRB \u00e9 a prova de que as can\u00e7\u00f5es, a sanfona e a alegria de Pedro Raimundo ficar\u00e3o para sempre em nossa mem\u00f3ria. Aproveita, tch\u00ea!<\/span><\/p>\n<div><span style=\"font-size:12.0pt;font-family:\"Times New Roman\"; mso-fareast-font-family:\"Lucida Sans Unicode\";mso-bidi-font-family:Tahoma; mso-ansi-language:PT-BR\"><br \/><\/span><\/div>\n<div><span style=\"font-size:12.0pt;font-family:\"Times New Roman\"; mso-fareast-font-family:\"Lucida Sans Unicode\";mso-bidi-font-family:Tahoma; mso-ansi-language:PT-BR\">*<\/span><span style=\"font-family: 'Times New Roman'; \"><span  style=\"font-size:78%;\">TEXTO DE SAMUEL MACHADO FILHO <\/span><\/span><\/div>\n<div><span style=\"font-family: 'Times New Roman'; \"><span  style=\"font-size:78%;\"><br \/><\/span><\/span><\/div>\n<div><span style=\"font-family: 'Times New Roman'; \"><span  style=\"font-size:78%;\"><br \/><\/span><\/span><\/div>\n","protected":false},"excerpt":{"rendered":"<p>Pois \u00e9, amigos cultos e ocultos! Esta d\u00e9cima-terceira edi\u00e7\u00e3o do Gran Record Brazil vem regada a churrasco e chimarr\u00e3o! \u00c9 com muita satisfa\u00e7\u00e3o que trazemos de volta o inesquec\u00edvel Pedro Raimundo, \u201co ga\u00facho alegre do r\u00e1dio\u201d. Apesar de ter esse &hellip; <a href=\"https:\/\/www.toque-musicall.com\/?p=121\">Continue lendo <span class=\"meta-nav\">&rarr;<\/span><\/a><\/p>\n","protected":false},"author":1,"featured_media":0,"comment_status":"open","ping_status":"closed","sticky":false,"template":"","format":"standard","meta":{"footnotes":""},"categories":[218,13],"tags":[],"class_list":["post-121","post","type-post","status-publish","format-standard","hentry","category-pedro-raimundo","category-selo-grand-record-brazil"],"_links":{"self":[{"href":"https:\/\/www.toque-musicall.com\/index.php?rest_route=\/wp\/v2\/posts\/121","targetHints":{"allow":["GET"]}}],"collection":[{"href":"https:\/\/www.toque-musicall.com\/index.php?rest_route=\/wp\/v2\/posts"}],"about":[{"href":"https:\/\/www.toque-musicall.com\/index.php?rest_route=\/wp\/v2\/types\/post"}],"author":[{"embeddable":true,"href":"https:\/\/www.toque-musicall.com\/index.php?rest_route=\/wp\/v2\/users\/1"}],"replies":[{"embeddable":true,"href":"https:\/\/www.toque-musicall.com\/index.php?rest_route=%2Fwp%2Fv2%2Fcomments&post=121"}],"version-history":[{"count":0,"href":"https:\/\/www.toque-musicall.com\/index.php?rest_route=\/wp\/v2\/posts\/121\/revisions"}],"wp:attachment":[{"href":"https:\/\/www.toque-musicall.com\/index.php?rest_route=%2Fwp%2Fv2%2Fmedia&parent=121"}],"wp:term":[{"taxonomy":"category","embeddable":true,"href":"https:\/\/www.toque-musicall.com\/index.php?rest_route=%2Fwp%2Fv2%2Fcategories&post=121"},{"taxonomy":"post_tag","embeddable":true,"href":"https:\/\/www.toque-musicall.com\/index.php?rest_route=%2Fwp%2Fv2%2Ftags&post=121"}],"curies":[{"name":"wp","href":"https:\/\/api.w.org\/{rel}","templated":true}]}}