{"id":1210,"date":"2009-05-04T10:26:00","date_gmt":"2009-05-04T10:26:00","guid":{"rendered":"http:\/\/www.toque-musicall.com\/?p=1210"},"modified":"2009-05-04T10:26:00","modified_gmt":"2009-05-04T10:26:00","slug":"almirante-monumento-da-musica-popular-brasileira-1976","status":"publish","type":"post","link":"https:\/\/www.toque-musicall.com\/?p=1210","title":{"rendered":"Almirante &#8211; Monumento Da M\u00fasica Popular Brasileira (1976)"},"content":{"rendered":"<p><a href=\"http:\/\/2.bp.blogspot.com\/_DSKVEvHtskc\/Sf7ESM1VqlI\/AAAAAAAADz8\/yJSTt6WDhEo\/s1600-h\/almirante+P.JPG\"><img decoding=\"async\" id=\"BLOGGER_PHOTO_ID_5331914825814878802\" style=\"DISPLAY: block; MARGIN: 0px auto 10px; WIDTH: 399px; CURSOR: hand; HEIGHT: 400px; TEXT-ALIGN: center\" alt=\"\" src=\"http:\/\/2.bp.blogspot.com\/_DSKVEvHtskc\/Sf7ESM1VqlI\/AAAAAAAADz8\/yJSTt6WDhEo\/s400\/almirante+P.JPG\" border=\"0\" \/><\/a> Salve! Acho que nesta semana eu vou deixar voc\u00eas na m\u00e3o. Provavelmente nos pr\u00f3ximos fins de semana. Estou envolvido em um projeto o qual vai me tomar tempo e tamb\u00e9m me tirar do ar (ou melhor, da rede). Procurarei alguma forma de manter as postagens di\u00e1rias, mas n\u00e3o garanto nada. Ficam assim, os amigos cultos e ocultos avisados&#8230;<br \/>Hoje n\u00f3s iremos de Almirante. Estou postando este disco porque at\u00e9 ent\u00e3o eu ainda n\u00e3o vi nada dele em outros blogs. Possivelmente deve ter, mas por onde eu tenho andado, ele ainda n\u00e3o me apareceu. Um nome important\u00edssimo na hist\u00f3ria do r\u00e1dio e, claro, da m\u00fasica popular brasileira. Henrique For\u00e9is Domingues, recebeu o apelido de &#8216;Almirante&#8217; por ter servido na marinha. Cantor, compositor e pandeirista, foi um dos integrantes do grupo Bando de Tangar\u00e1s ao lado de Noel Rosa e Braguinha. Tornou-se em seguida radialista e uma de suas maiores autoridades, recebendo o t\u00edtulo de &#8220;A maior patente do r\u00e1dio&#8221;, pois era o tipo que sabia de tudo. Tornou-se um pesquisador da nossa m\u00fasica. Organizou um arquivo com milhares de partituras de piano, al\u00e9m de livros, fich\u00e1rios, classificadores, contendo informa\u00e7\u00f5es importantes sobre a vida e a obra de nossos grandes compositores e int\u00e9rpretes, num total de cerca de 50.000 mil pe\u00e7as. Conseguiu fazer o que poucos pesquisadores\/colecionadores almejam. Vendeu seu acervo para o Museu da Imagem e do Som, no Rio, atrav\u00e9s do governo do estado e continuou a ser o seu guardi\u00e3o.<br \/>O \u00e1lbum que aqui segue \u00e9 simplesmente uma maravilha. Ser\u00e1 que est\u00e1 inclu\u00eddo nos 300 de Esparta (hehehe&#8230;), quer dizer, os 300 do Gavin? Se n\u00e3o est\u00e1, deveria, pois \u00e9 um b\u00e1sico! Temos nele uma sele\u00e7\u00e3o como o que h\u00e1 de mais expressivo gravado por Almirante. No lado 1 ele vem acompanhado por Pixinguinha e sua banda. O lado 2 faz parte do lp de 10 polegadas que ele gravou na Sinter em 1955. Sem sombra de d\u00favidas, um disc\u00e3o! Confira j\u00e1 este toque \ud83d\ude09<\/p>\n<div align=\"center\">pelo telefone<\/div>\n<div align=\"center\">faustina<\/div>\n<div align=\"center\">jo\u00e3o da concei\u00e7\u00e3o<\/div>\n<div align=\"center\">gavi\u00e3o cal\u00e7udo<\/div>\n<div align=\"center\">patr\u00e3o, prenda seu gado<\/div>\n<div align=\"center\">essa n\u00eaga que me d\u00e1<\/div>\n<div align=\"center\">me leva, me leva seu rafael<\/div>\n<div align=\"center\">vou me casar no uruguai<\/div>\n<div align=\"center\">que barulho \u00e9 esse<\/div>\n<div align=\"center\">tudo em &#8216;p&#8217;<\/div>\n<div align=\"center\">levei um bolo<\/div>\n<div align=\"center\">apanhei um resfriado<\/div>\n<div align=\"center\">olha o grude formado<\/div>\n<div align=\"center\"><\/div>\n<div align=\"center\"><\/div>\n<div align=\"center\"> <\/div>\n<div align=\"center\"> <\/div>\n","protected":false},"excerpt":{"rendered":"<p>Salve! Acho que nesta semana eu vou deixar voc\u00eas na m\u00e3o. Provavelmente nos pr\u00f3ximos fins de semana. Estou envolvido em um projeto o qual vai me tomar tempo e tamb\u00e9m me tirar do ar (ou melhor, da rede). Procurarei alguma &hellip; <a href=\"https:\/\/www.toque-musicall.com\/?p=1210\">Continue lendo <span class=\"meta-nav\">&rarr;<\/span><\/a><\/p>\n","protected":false},"author":1,"featured_media":0,"comment_status":"open","ping_status":"closed","sticky":false,"template":"","format":"standard","meta":{"footnotes":""},"categories":[140],"tags":[],"class_list":["post-1210","post","type-post","status-publish","format-standard","hentry","category-almirante"],"_links":{"self":[{"href":"https:\/\/www.toque-musicall.com\/index.php?rest_route=\/wp\/v2\/posts\/1210","targetHints":{"allow":["GET"]}}],"collection":[{"href":"https:\/\/www.toque-musicall.com\/index.php?rest_route=\/wp\/v2\/posts"}],"about":[{"href":"https:\/\/www.toque-musicall.com\/index.php?rest_route=\/wp\/v2\/types\/post"}],"author":[{"embeddable":true,"href":"https:\/\/www.toque-musicall.com\/index.php?rest_route=\/wp\/v2\/users\/1"}],"replies":[{"embeddable":true,"href":"https:\/\/www.toque-musicall.com\/index.php?rest_route=%2Fwp%2Fv2%2Fcomments&post=1210"}],"version-history":[{"count":0,"href":"https:\/\/www.toque-musicall.com\/index.php?rest_route=\/wp\/v2\/posts\/1210\/revisions"}],"wp:attachment":[{"href":"https:\/\/www.toque-musicall.com\/index.php?rest_route=%2Fwp%2Fv2%2Fmedia&parent=1210"}],"wp:term":[{"taxonomy":"category","embeddable":true,"href":"https:\/\/www.toque-musicall.com\/index.php?rest_route=%2Fwp%2Fv2%2Fcategories&post=1210"},{"taxonomy":"post_tag","embeddable":true,"href":"https:\/\/www.toque-musicall.com\/index.php?rest_route=%2Fwp%2Fv2%2Ftags&post=1210"}],"curies":[{"name":"wp","href":"https:\/\/api.w.org\/{rel}","templated":true}]}}