{"id":1211,"date":"2009-05-03T12:29:00","date_gmt":"2009-05-03T12:29:00","guid":{"rendered":"http:\/\/www.toque-musicall.com\/?p=1211"},"modified":"2009-05-03T12:29:00","modified_gmt":"2009-05-03T12:29:00","slug":"brasil-franca-2008","status":"publish","type":"post","link":"https:\/\/www.toque-musicall.com\/?p=1211","title":{"rendered":"Brasil &#8211; Fran\u00e7a (2008)"},"content":{"rendered":"<p><a href=\"http:\/\/2.bp.blogspot.com\/_DSKVEvHtskc\/Sf2PTUXFbxI\/AAAAAAAADzs\/oTJvaRt-LFU\/s1600-h\/Brasil+Fran%C3%83%C2%A7a+P.JPG\"><img decoding=\"async\" id=\"BLOGGER_PHOTO_ID_5331575095922355986\" style=\"DISPLAY: block; MARGIN: 0px auto 10px; WIDTH: 398px; CURSOR: hand; HEIGHT: 400px; TEXT-ALIGN: center\" alt=\"\" src=\"http:\/\/2.bp.blogspot.com\/_DSKVEvHtskc\/Sf2PTUXFbxI\/AAAAAAAADzs\/oTJvaRt-LFU\/s400\/Brasil+Fran%C3%A7a+P.JPG\" border=\"0\" \/><\/a>Eis aqui uma sele\u00e7\u00e3o musical interessante que ficou na gaveta. Esta me foi passada pelo meu amigo &#8216;franco-uruguaio-brasileiro&#8217;, Christophe Rousseau, que nessa altura deve estar l\u00e1 na Fran\u00e7a, tocando e cantando para os compatriotas. Ali\u00e1s, aproveitando o ensejo, eu estou preparando uma boa amostra do talento desse cara para mostrar no Toque Musical. Tenho certeza que voc\u00eas ir\u00e3o gostar. Ele canta e toca que \u00e9 uma beleza \ud83d\ude42<br \/>Brasil-Fran\u00e7a \u00e9 uma colet\u00e2nea especial. N\u00e3o tenho certeza, mas acho que chegou a ser lan\u00e7ada em 2005, nas &#8216;Saisons Culturelles&#8217; (Temporadas Culturais) &#8211; manifesta\u00e7\u00f5es do Governo da Fran\u00e7a organizadas pela Associa\u00e7\u00e3o Francesa para a A\u00e7\u00e3o Art\u00edstica do Minist\u00e9rio das Rela\u00e7\u00f5es Exteriores franc\u00eas &#8211; ano em que o Brasil foi o convidado.<br \/>Temos reunidos neste &#8220;disco&#8221; diversos artistas internacionais, pin\u00e7ados daqui e dali, cantando em franc\u00eas a m\u00fasica popular brasileira. H\u00e1 tamb\u00e9m outras que n\u00e3o s\u00e3o exatamente brasileiras, mas que tem rela\u00e7\u00e3o com o Brasil. Temos at\u00e9 a Elis Regina cantando &#8220;R\u00e9cit de Cassard&#8221; &#8211; do filme &#8220;Les parapluies de Cherbourg&#8221; e do disco de 69 &#8220;Como &#038; Porque&#8221;. E tamb\u00e9m &#8220;Noites Dos Mascarados&#8221; em franc\u00eas com George Moustaki. Vale a pena ouvir esta colet\u00e2nea, pois h\u00e1 muita coisa bacana e dif\u00edcil de encontrar por a\u00ed. Toque este toque&#8230; &#8216;et ont un bon dimanche!&#8217;<\/p>\n<div align=\"center\">tico tico no fub\u00e1 &#8211; dalila<\/div>\n<div align=\"center\">la chupeta &#8211; maurice chevalier<\/div>\n<div align=\"center\">fais comme l&#8217;oiseau &#8211; michel fugain<\/div>\n<div align=\"center\">fio maravilha &#8211; nicoletta<\/div>\n<div align=\"center\">les eaux de mars &#8211; george moustaki<\/div>\n<div align=\"center\">bip bip &#8211; joe dassin<\/div>\n<div align=\"center\">r\u00e9cit de cassard &#8211; eleis regina<\/div>\n<div align=\"center\">qui c&#8217;est celui-l\u00e0 &#8211; pierre vassilu<\/div>\n<div align=\"center\">noite dos mascarados &#8211; elis et george moustaki<\/div>\n<div align=\"center\">balanc\u00ea &#8211; george moustaki<\/div>\n<div align=\"center\">br\u00e9silein &#8211; claude nougaro<\/div>\n<div align=\"center\">samba saravah &#8211; pierre barouh<\/div>\n<div align=\"center\">portugal &#8211; george moustaki<\/div>\n<div align=\"center\">tu verras &#8211; claude nougaro<\/div>\n<div align=\"center\"><\/div>\n<div align=\"center\"><\/div>\n<div align=\"center\"> <\/div>\n<div align=\"center\"> <\/div>\n","protected":false},"excerpt":{"rendered":"<p>Eis aqui uma sele\u00e7\u00e3o musical interessante que ficou na gaveta. Esta me foi passada pelo meu amigo &#8216;franco-uruguaio-brasileiro&#8217;, Christophe Rousseau, que nessa altura deve estar l\u00e1 na Fran\u00e7a, tocando e cantando para os compatriotas. Ali\u00e1s, aproveitando o ensejo, eu estou &hellip; <a href=\"https:\/\/www.toque-musicall.com\/?p=1211\">Continue lendo <span class=\"meta-nav\">&rarr;<\/span><\/a><\/p>\n","protected":false},"author":1,"featured_media":0,"comment_status":"open","ping_status":"closed","sticky":false,"template":"","format":"standard","meta":{"footnotes":""},"categories":[1453,1303],"tags":[],"class_list":["post-1211","post","type-post","status-publish","format-standard","hentry","category-brasil-franca","category-variados"],"_links":{"self":[{"href":"https:\/\/www.toque-musicall.com\/index.php?rest_route=\/wp\/v2\/posts\/1211","targetHints":{"allow":["GET"]}}],"collection":[{"href":"https:\/\/www.toque-musicall.com\/index.php?rest_route=\/wp\/v2\/posts"}],"about":[{"href":"https:\/\/www.toque-musicall.com\/index.php?rest_route=\/wp\/v2\/types\/post"}],"author":[{"embeddable":true,"href":"https:\/\/www.toque-musicall.com\/index.php?rest_route=\/wp\/v2\/users\/1"}],"replies":[{"embeddable":true,"href":"https:\/\/www.toque-musicall.com\/index.php?rest_route=%2Fwp%2Fv2%2Fcomments&post=1211"}],"version-history":[{"count":0,"href":"https:\/\/www.toque-musicall.com\/index.php?rest_route=\/wp\/v2\/posts\/1211\/revisions"}],"wp:attachment":[{"href":"https:\/\/www.toque-musicall.com\/index.php?rest_route=%2Fwp%2Fv2%2Fmedia&parent=1211"}],"wp:term":[{"taxonomy":"category","embeddable":true,"href":"https:\/\/www.toque-musicall.com\/index.php?rest_route=%2Fwp%2Fv2%2Fcategories&post=1211"},{"taxonomy":"post_tag","embeddable":true,"href":"https:\/\/www.toque-musicall.com\/index.php?rest_route=%2Fwp%2Fv2%2Ftags&post=1211"}],"curies":[{"name":"wp","href":"https:\/\/api.w.org\/{rel}","templated":true}]}}