{"id":1212,"date":"2009-05-02T14:58:00","date_gmt":"2009-05-02T14:58:00","guid":{"rendered":"http:\/\/www.toque-musicall.com\/?p=1212"},"modified":"2009-05-02T14:58:00","modified_gmt":"2009-05-02T14:58:00","slug":"lusco-fusco-2008","status":"publish","type":"post","link":"https:\/\/www.toque-musicall.com\/?p=1212","title":{"rendered":"Lusco Fusco (2008)"},"content":{"rendered":"<p><a href=\"http:\/\/2.bp.blogspot.com\/_DSKVEvHtskc\/SfxfxPg_bKI\/AAAAAAAADzk\/9bdfI5Y6Do4\/s1600-h\/capa+P.jpg\"><img decoding=\"async\" id=\"BLOGGER_PHOTO_ID_5331241358482959522\" style=\"DISPLAY: block; MARGIN: 0px auto 10px; WIDTH: 400px; CURSOR: hand; HEIGHT: 399px; TEXT-ALIGN: center\" alt=\"\" src=\"http:\/\/2.bp.blogspot.com\/_DSKVEvHtskc\/SfxfxPg_bKI\/AAAAAAAADzk\/9bdfI5Y6Do4\/s400\/capa+P.jpg\" border=\"0\" \/><\/a>Ol\u00e1! A partir de hoje estou criando no blog o \u201cDia do Artista Independente\u201d. Toda a semana estarei (se poss\u00edvel) postando um trabalho de artistas que n\u00e3o est\u00e3o ligados \u00e0s grandes gravadoras. Ser\u00e1 uma maneira de levar at\u00e9 voc\u00eas nomes pouco conhecidos, novidades, curiosidades ou projetos da mesma natureza. Vou abrindo espa\u00e7o para aqueles que precisam de divulga\u00e7\u00e3o. Gente competente que desenvolve um trabalho profissional de qualidade e que esteja interessada em mostr\u00e1-lo aqui. Ao contr\u00e1rio do habitual, s\u00f3 ser\u00e3o publicados aqueles que pedirem ou autorizarem a divulga\u00e7\u00e3o. O Toque Musical est\u00e1 aberto a propostas, independente do estilo ou g\u00eanero. S\u00f3 n\u00e3o vale coisas toscas, mal produzidas, ideol\u00f3gicamente incorretas ou que venham a denegrir a imagem da boa m\u00fasica popular brasileira. No mais, vamos mostrar para esse povo que a m\u00fasica atual n\u00e3o \u00e9 apenas releituras ou reciclagem de antigos modelos.<br \/>Um outro detalhe importante: darei prefer\u00eancia \u00e0queles artistas cujo trabalho seja apresentado aqui com exclusividade ou algum diferencial. N\u00e3o faz sentido para mim, publicar a mesma postagem que se encontra em outros blogs. Sejamos originais.<br \/>Para come\u00e7ar, tenho aqui o <a href=\"http:\/\/www.blogger.com\/www.myspace.com\/duoluscofusco\">Lusco Fusco<\/a>. Um duo formado em Minas Gerais pelos instrumentistas <a href=\"http:\/\/www.blogger.com\/duoluscofusco@yahoo.com.br\">Emerson Fonseca e Luiz Gabriel Lopes<\/a>. Eles foram a grande revela\u00e7\u00e3o no I Festival de Inverno da cidade de Entre Rios de Minas em 2007. O trabalho dos caras \u00e9 t\u00e3o bom que de imediato tiveram o apoio da Ecology do Brasil e o Instituto Maria Helena Andr\u00e9s, patrocinando e produzindo este que \u00e9 o primeiro cd do Lusco Fusco.<br \/>Bom, eu n\u00e3o estou postando este trabalho apenas por postar. Como eu disse, para estar aqui tem que ter qualidade e nesse ponto eles est\u00e3o bem acima do esperado. Eu confirmo e repito o texto do encarte \u00e9 \u201cimposs\u00edvel n\u00e3o se sentir tocado pelas belas composi\u00e7\u00f5es e arranjos desses m\u00fasicos\u201d. Lindo demais. Tem que ouvir&#8230;<\/p>\n<div>PS. dedico esta postagem aos amigos aniversariantes de hoje. Parab\u00e9ns pr\u00e1 voc\u00eas!<\/div>\n<div><\/div>\n<div align=\"center\">.<\/div>\n<div align=\"center\">quando o sol nasce<\/div>\n<div align=\"center\">a morte da bezerra (vaka)<\/div>\n<div align=\"center\">as incr\u00edveis aventuras de casanova<\/div>\n<div align=\"center\">sonata das ideias<\/div>\n<div align=\"center\">a dan\u00e7a das lebres saltitantes<\/div>\n<div align=\"center\">enquanto a morte n\u00e3o vem<\/div>\n<div align=\"center\">10 a 20 kg de sal grosso<\/div>\n<div align=\"center\">perna bamba<\/div>\n<div align=\"center\">paty d m\u00e3o grossa<\/div>\n<div align=\"center\">dico da dona tanika blues<\/div>\n<div align=\"center\">samba in krisiun<\/div>\n<div align=\"center\">quando o sol se p\u00f5e<\/div>\n<div align=\"center\"><\/div>\n<div align=\"center\"><\/div>\n<div align=\"center\"><\/div>\n<div align=\"center\"><\/div>\n","protected":false},"excerpt":{"rendered":"<p>Ol\u00e1! A partir de hoje estou criando no blog o \u201cDia do Artista Independente\u201d. Toda a semana estarei (se poss\u00edvel) postando um trabalho de artistas que n\u00e3o est\u00e3o ligados \u00e0s grandes gravadoras. Ser\u00e1 uma maneira de levar at\u00e9 voc\u00eas nomes &hellip; <a href=\"https:\/\/www.toque-musicall.com\/?p=1212\">Continue lendo <span class=\"meta-nav\">&rarr;<\/span><\/a><\/p>\n","protected":false},"author":1,"featured_media":0,"comment_status":"open","ping_status":"closed","sticky":false,"template":"","format":"standard","meta":{"footnotes":""},"categories":[1454],"tags":[],"class_list":["post-1212","post","type-post","status-publish","format-standard","hentry","category-lusco-fusco"],"_links":{"self":[{"href":"https:\/\/www.toque-musicall.com\/index.php?rest_route=\/wp\/v2\/posts\/1212","targetHints":{"allow":["GET"]}}],"collection":[{"href":"https:\/\/www.toque-musicall.com\/index.php?rest_route=\/wp\/v2\/posts"}],"about":[{"href":"https:\/\/www.toque-musicall.com\/index.php?rest_route=\/wp\/v2\/types\/post"}],"author":[{"embeddable":true,"href":"https:\/\/www.toque-musicall.com\/index.php?rest_route=\/wp\/v2\/users\/1"}],"replies":[{"embeddable":true,"href":"https:\/\/www.toque-musicall.com\/index.php?rest_route=%2Fwp%2Fv2%2Fcomments&post=1212"}],"version-history":[{"count":0,"href":"https:\/\/www.toque-musicall.com\/index.php?rest_route=\/wp\/v2\/posts\/1212\/revisions"}],"wp:attachment":[{"href":"https:\/\/www.toque-musicall.com\/index.php?rest_route=%2Fwp%2Fv2%2Fmedia&parent=1212"}],"wp:term":[{"taxonomy":"category","embeddable":true,"href":"https:\/\/www.toque-musicall.com\/index.php?rest_route=%2Fwp%2Fv2%2Fcategories&post=1212"},{"taxonomy":"post_tag","embeddable":true,"href":"https:\/\/www.toque-musicall.com\/index.php?rest_route=%2Fwp%2Fv2%2Ftags&post=1212"}],"curies":[{"name":"wp","href":"https:\/\/api.w.org\/{rel}","templated":true}]}}