{"id":1213,"date":"2009-05-01T12:09:00","date_gmt":"2009-05-01T12:09:00","guid":{"rendered":"http:\/\/www.toque-musicall.com\/?p=1213"},"modified":"2009-05-01T12:09:00","modified_gmt":"2009-05-01T12:09:00","slug":"show-1o-de-maio-1980","status":"publish","type":"post","link":"https:\/\/www.toque-musicall.com\/?p=1213","title":{"rendered":"Show 1\u00ba De Maio (1980)"},"content":{"rendered":"<p><a href=\"http:\/\/3.bp.blogspot.com\/_DSKVEvHtskc\/SfrncfLVdWI\/AAAAAAAADzc\/AS2GNcUtdPA\/s1600-h\/show+1.+de+maio+P.JPG\"><img decoding=\"async\" id=\"BLOGGER_PHOTO_ID_5330827585537799522\" style=\"DISPLAY: block; MARGIN: 0px auto 10px; WIDTH: 397px; CURSOR: hand; HEIGHT: 400px; TEXT-ALIGN: center\" alt=\"\" src=\"http:\/\/3.bp.blogspot.com\/_DSKVEvHtskc\/SfrncfLVdWI\/AAAAAAAADzc\/AS2GNcUtdPA\/s400\/show+1.+de+maio+P.JPG\" border=\"0\" \/><\/a> Bom dia para todos n\u00f3s! Hoje, 1\u00ba de maio, \u00e9 comemorado o Dia Mundial do Trabalho. Curiosamente, todos n\u00f3s estamos de folga, \u00e9 feriado. Ser\u00e1 que \u00e9 feriado no mundo todo? Eu nunca havia me perguntado isso antes. Ta\u00ed, n\u00e3o sei&#8230; mas pelo jeito deve ser apenas no Brasil, ou n\u00e3o? Falou que \u00e9 feriado t\u00e1 pra n\u00f3s. Neste ano temos muitos, para compensar o excesso de trabalho (e mal remunerado) que a popula\u00e7\u00e3o \u00e9 obrigada a encarar. Dizem que o brasileiro n\u00e3o gosta de trabalho. E quem gosta? Trabalho bom \u00e9 aquele que nos d\u00e1 prazer, que nos realiza como pessoa e como profissional. Consequentemente, nos traz dinheiro e prosperidade. Mas para a grande maioria, essa realidade est\u00e1 longe de se concretizar. Trabalho no Brasil \u00e9 sin\u00f4nimo de sobreviv\u00eancia!<br \/>Para celebrar a data, eu tenho aqui este \u00e1lbum que \u00e9 uma pequena amostra do memor\u00e1vel &#8216;Show 1\u00ba de Maio&#8221; de 1980 que aconteceu no pavilh\u00e3o Rio Centro. Para um p\u00fablico com aproximadamente trinta mil pessoas, participaram um dos maiores blocos de artistas, cantores e compositores, j\u00e1 reunidos num mesmo espet\u00e1culo. O show foi promovido pelo Centro Brasil Democr\u00e1tico no sentido de angariar fundos para o Encontro Nacional de M\u00fasicos, no CONCLAT (Congresso da Classe Trabalhadora). Participaram do espet\u00e1culo dezenas de artistas dos mais consagrados. N\u00e3o vou relacion\u00e1-los aqui, pois tudo pode ser conferido na contracapa.<br \/>O certo \u00e9 que foi um tremendo show, come\u00e7ando as 21 horas e s\u00f3 foi terminar nas altas da madrugada. Um espet\u00e1culo dessa grandeza levantou as orelhas (e focinhos) dos militares da \u00e9poca. No ano seguinte tivemos o epis\u00f3dio do atentado terrorista, perpetrado por radicais militares que n\u00e3o viam com bons olhos a &#8216;Abetura&#8217; iniciada naquela d\u00e9cada. Esse lance foi de amargar. Pior ainda \u00e9 saber que o ent\u00e3o Capit\u00e3o Wilson Dias Machado, (in)respons\u00e1vel pelo ataque, vive hoje numa boa, com a patente de Coronel e \u00e9 educador do Ex\u00e9rcito no Col\u00e9gio Militar de Bras\u00edlia. Pode???<br \/>Este disco s\u00f3 tem um grave defeito. Ao pensarmos em quantos e \u00f3timos artistas estiveram se apresentando no show, fica a pergunta: porque n\u00e3o fizeram um \u00e1lbum duplo, triplo ou coisa assim? Resposta simples: quest\u00f5es contratuais com as gravadoras, limitaram a oito os artistas presentes no lp. Boca Livre, Dorival Caymmi, S\u00e9rgio Ricardo e Jo\u00e3o do Vale eram artistas independentes, os demais foram estrategicamente liberados pela Ariola e WEA.<br \/>Nessas horas \u00e9 que se percebe como nas gravadoras s\u00f3 tem gente sem vis\u00e3o comercial. Ao inv\u00e9s de liberar o artista ou fonograma, que indiretamente promoveria a gravadora, eles preferiram resguardar seus tesouros. \u00c9 isso a\u00ed seus Man\u00e9s, continuem dando tiro nos p\u00e9s!<\/p>\n<div align=\"center\">pr\u00e1 n\u00e3o dizer que n\u00e3o falei de flores &#8211; o p\u00fablico<\/div>\n<div align=\"center\">toada (na dire\u00e7\u00e3o do dia) &#8211; boca livre<\/div>\n<div align=\"center\">ele disse \/ assum preto &#8211; alceu valen\u00e7a<\/div>\n<div align=\"center\">um cafun\u00e9 na cabe\u00e7a, malandro, eu quero at\u00e9 de macaco &#8211; milton nascimento<\/div>\n<div align=\"center\">n\u00e3o deixo de pensar \/ segredo do sertanejo \/ pisa na ful\u00f4 &#8211; jo\u00e3o do vale<\/div>\n<div align=\"center\">o preto que satisfaz (feij\u00e3o maravilha) &#8211; as fren\u00e9ticas<\/div>\n<div align=\"center\">vou renovar &#8211; s\u00e9rgio ricardo<\/div>\n<div align=\"center\">l\u00e1 vem o brasil descendo a ladeira<\/div>\n<div align=\"center\">hist\u00f3ria de pescadores &#8211; dorival caymmi<\/div>\n<div align=\"center\">pr\u00e1 n\u00e3o dizer que n\u00e3o falei de flores &#8211; o p\u00fablico<\/div>\n<div align=\"center\"><\/div>\n<div align=\"center\"><\/div>\n<div align=\"center\"> <\/div>\n<div align=\"center\"> <\/div>\n","protected":false},"excerpt":{"rendered":"<p>Bom dia para todos n\u00f3s! Hoje, 1\u00ba de maio, \u00e9 comemorado o Dia Mundial do Trabalho. Curiosamente, todos n\u00f3s estamos de folga, \u00e9 feriado. Ser\u00e1 que \u00e9 feriado no mundo todo? Eu nunca havia me perguntado isso antes. Ta\u00ed, n\u00e3o &hellip; <a href=\"https:\/\/www.toque-musicall.com\/?p=1213\">Continue lendo <span class=\"meta-nav\">&rarr;<\/span><\/a><\/p>\n","protected":false},"author":1,"featured_media":0,"comment_status":"open","ping_status":"closed","sticky":false,"template":"","format":"standard","meta":{"footnotes":""},"categories":[1458,166,1455,227,1457,322,1103,229,1456,1303],"tags":[],"class_list":["post-1213","post","type-post","status-publish","format-standard","hentry","category-alceu-valenca","category-as-freneticas","category-boca-livre","category-dorival-caymmi","category-joao-do-vale","category-milton-nascimento","category-moraes-moreira","category-sergio-ricardo","category-show-1o-de-maio","category-variados"],"_links":{"self":[{"href":"https:\/\/www.toque-musicall.com\/index.php?rest_route=\/wp\/v2\/posts\/1213","targetHints":{"allow":["GET"]}}],"collection":[{"href":"https:\/\/www.toque-musicall.com\/index.php?rest_route=\/wp\/v2\/posts"}],"about":[{"href":"https:\/\/www.toque-musicall.com\/index.php?rest_route=\/wp\/v2\/types\/post"}],"author":[{"embeddable":true,"href":"https:\/\/www.toque-musicall.com\/index.php?rest_route=\/wp\/v2\/users\/1"}],"replies":[{"embeddable":true,"href":"https:\/\/www.toque-musicall.com\/index.php?rest_route=%2Fwp%2Fv2%2Fcomments&post=1213"}],"version-history":[{"count":0,"href":"https:\/\/www.toque-musicall.com\/index.php?rest_route=\/wp\/v2\/posts\/1213\/revisions"}],"wp:attachment":[{"href":"https:\/\/www.toque-musicall.com\/index.php?rest_route=%2Fwp%2Fv2%2Fmedia&parent=1213"}],"wp:term":[{"taxonomy":"category","embeddable":true,"href":"https:\/\/www.toque-musicall.com\/index.php?rest_route=%2Fwp%2Fv2%2Fcategories&post=1213"},{"taxonomy":"post_tag","embeddable":true,"href":"https:\/\/www.toque-musicall.com\/index.php?rest_route=%2Fwp%2Fv2%2Ftags&post=1213"}],"curies":[{"name":"wp","href":"https:\/\/api.w.org\/{rel}","templated":true}]}}