{"id":1214,"date":"2009-04-30T11:25:00","date_gmt":"2009-04-30T11:25:00","guid":{"rendered":"http:\/\/www.toque-musicall.com\/?p=1214"},"modified":"2009-04-30T11:25:00","modified_gmt":"2009-04-30T11:25:00","slug":"joao-dias-interpreta-adelino-moreira-e-lupiscino-rodrigues-1979","status":"publish","type":"post","link":"https:\/\/www.toque-musicall.com\/?p=1214","title":{"rendered":"Jo\u00e3o Dias &#8211; Interpreta Adelino Moreira E Lupiscino Rodrigues (1979)"},"content":{"rendered":"<p><a href=\"http:\/\/3.bp.blogspot.com\/_DSKVEvHtskc\/SfmLpd3Ci7I\/AAAAAAAADzM\/hZYtczdPoeM\/s1600-h\/Jo%C3%83%C2%A3o+Dias+P.JPG\"><img decoding=\"async\" id=\"BLOGGER_PHOTO_ID_5330445178476071858\" style=\"DISPLAY: block; MARGIN: 0px auto 10px; WIDTH: 400px; CURSOR: hand; HEIGHT: 400px; TEXT-ALIGN: center\" alt=\"\" src=\"http:\/\/3.bp.blogspot.com\/_DSKVEvHtskc\/SfmLpd3Ci7I\/AAAAAAAADzM\/hZYtczdPoeM\/s400\/Jo%C3%A3o+Dias+P.JPG\" border=\"0\" \/><\/a>Bom dia, amigos cultos e ocultos! Finalmente \u00e9 quinta-feira e amanh\u00e3 \u00e9 feriado, b\u00e3o demas \ud83d\ude42<br \/>Para encerrar o m\u00eas de abril, eu tenho hoje para voc\u00eas este disco do cantor Jo\u00e3o Dias. Algu\u00e9m aqui se lembra dele? Digo isso porque pouco se ouve falar nele. Jo\u00e3o Dias Rodrigues Filho foi um cantor paulista bastante popular nos anos 50 e 60. Descoberto por Francisco Alves, gravou seu primeiro disco na Odeon, com &#8220;Guacyra&#8221; de Hekel Tavares e Joraci Camargo e &#8220;Canta, Maria&#8221; de Ary Barroso. No in\u00edcio dos anos 60 fez dupla com Dalva de Oliveira, percorrendo diversas cidade brasileiras, tendo feito tamb\u00e9m muito sucesso com a m\u00fasica &#8220;Brasil&#8221; de Benedito Lacerda e Aldo Cabral. Sua atua\u00e7\u00e3o n\u00e3o se limitou apenas a fun\u00e7\u00e3o de int\u00e9rprete. Nos bastidores, Jo\u00e3o Dias tamb\u00e9m trabalhou em prol da classe dos cantores, idealizando a chamada &#8220;Lei de Direito Conexo&#8221; na qual int\u00e9rprete passava a receber tamb\u00e9m pela execu\u00e7\u00e3o posterior de suas grava\u00e7\u00f5es. Foi dirigente da Socimpro &#8211; Sociedade Brasileira de Int\u00e9rpretes e Produtores Fonogr\u00e1ficos.<br \/>Eu acredito que este foi o seu \u00faltimo \u00e1lbum, gravado em 1979. Um disco especial, num repert\u00f3rio super bacana, com dois grandes compositores, Adelino Moreira e Lupiscinio Rodrigues. O lp foi todo produzido, arranjado e orquestrado pelo maestro Lindolfo Gaya, o que garante um trabalho da melhor qualidade. Confiram o toque \ud83d\ude09<\/p>\n<div align=\"center\">\u00e9 tanto amor<\/div>\n<div align=\"center\">volta<\/div>\n<div align=\"center\">segredo<\/div>\n<div align=\"center\">taberna<\/div>\n<div align=\"center\">falando ao cora\u00e7\u00e3o<\/div>\n<div align=\"center\">nunca<\/div>\n<div align=\"center\">eu e meu cora\u00e7\u00e3o<\/div>\n<div align=\"center\">escultura<\/div>\n<div align=\"center\">eu n\u00e3o sou de reclamar<\/div>\n<div align=\"center\">ilustre desconhecida<\/div>\n<div align=\"center\">bairro pobre<\/div>\n<div align=\"center\">n\u00e3o tenho medo<\/div>\n<div align=\"center\"><\/div>\n<div align=\"center\"><\/div>\n<div align=\"center\"><\/div>\n<div align=\"center\"><\/div>\n","protected":false},"excerpt":{"rendered":"<p>Bom dia, amigos cultos e ocultos! Finalmente \u00e9 quinta-feira e amanh\u00e3 \u00e9 feriado, b\u00e3o demas \ud83d\ude42Para encerrar o m\u00eas de abril, eu tenho hoje para voc\u00eas este disco do cantor Jo\u00e3o Dias. Algu\u00e9m aqui se lembra dele? Digo isso porque &hellip; <a href=\"https:\/\/www.toque-musicall.com\/?p=1214\">Continue lendo <span class=\"meta-nav\">&rarr;<\/span><\/a><\/p>\n","protected":false},"author":1,"featured_media":0,"comment_status":"open","ping_status":"closed","sticky":false,"template":"","format":"standard","meta":{"footnotes":""},"categories":[1459],"tags":[],"class_list":["post-1214","post","type-post","status-publish","format-standard","hentry","category-joao-dias"],"_links":{"self":[{"href":"https:\/\/www.toque-musicall.com\/index.php?rest_route=\/wp\/v2\/posts\/1214","targetHints":{"allow":["GET"]}}],"collection":[{"href":"https:\/\/www.toque-musicall.com\/index.php?rest_route=\/wp\/v2\/posts"}],"about":[{"href":"https:\/\/www.toque-musicall.com\/index.php?rest_route=\/wp\/v2\/types\/post"}],"author":[{"embeddable":true,"href":"https:\/\/www.toque-musicall.com\/index.php?rest_route=\/wp\/v2\/users\/1"}],"replies":[{"embeddable":true,"href":"https:\/\/www.toque-musicall.com\/index.php?rest_route=%2Fwp%2Fv2%2Fcomments&post=1214"}],"version-history":[{"count":0,"href":"https:\/\/www.toque-musicall.com\/index.php?rest_route=\/wp\/v2\/posts\/1214\/revisions"}],"wp:attachment":[{"href":"https:\/\/www.toque-musicall.com\/index.php?rest_route=%2Fwp%2Fv2%2Fmedia&parent=1214"}],"wp:term":[{"taxonomy":"category","embeddable":true,"href":"https:\/\/www.toque-musicall.com\/index.php?rest_route=%2Fwp%2Fv2%2Fcategories&post=1214"},{"taxonomy":"post_tag","embeddable":true,"href":"https:\/\/www.toque-musicall.com\/index.php?rest_route=%2Fwp%2Fv2%2Ftags&post=1214"}],"curies":[{"name":"wp","href":"https:\/\/api.w.org\/{rel}","templated":true}]}}