{"id":1216,"date":"2009-04-28T21:41:00","date_gmt":"2009-04-28T21:41:00","guid":{"rendered":"http:\/\/www.toque-musicall.com\/?p=1216"},"modified":"2009-04-28T21:41:00","modified_gmt":"2009-04-28T21:41:00","slug":"os-bons-de-bossa-com-walter-wanderley-balanco-a-beca-196","status":"publish","type":"post","link":"https:\/\/www.toque-musicall.com\/?p=1216","title":{"rendered":"Os Bons De Bossa (com Walter Wanderley) &#8211; Balan\u00e7o A Be\u00e7a (196&#8230;)"},"content":{"rendered":"<p><a href=\"http:\/\/4.bp.blogspot.com\/_DSKVEvHtskc\/Sfd49VRl5rI\/AAAAAAAADy0\/Zx8CA186sCg\/s1600-h\/Os+bons+de+bossa+P.JPG\"><img decoding=\"async\" id=\"BLOGGER_PHOTO_ID_5329861679094556338\" style=\"DISPLAY: block; MARGIN: 0px auto 10px; WIDTH: 393px; CURSOR: hand; HEIGHT: 400px; TEXT-ALIGN: center\" alt=\"\" src=\"http:\/\/4.bp.blogspot.com\/_DSKVEvHtskc\/Sfd49VRl5rI\/AAAAAAAADy0\/Zx8CA186sCg\/s400\/Os+bons+de+bossa+P.JPG\" border=\"0\" \/><\/a>E eu que pensava que esta semana seria mais tranquila para mim. Que nada&#8230; \ud83d\ude41 Continuo daquele jeito, correndo atr\u00e1s do tempo. Por isso, l\u00e1 vou eu puxando a gaveta das reservas, pois s\u00f3 disponho de meia hora. Se n\u00e3o for agora, s\u00f3 amanh\u00e3 de manh\u00e3&#8230;<br \/>Tenho aqui este disco que me foi enviado pelo &#8216;brother&#8217; Chris Rousseau. Eu ainda nem tive tempo de ouv\u00ed-lo direito e minha inten\u00e7\u00e3o era antes a de procurar maiores informa\u00e7\u00f5es, pois pouco ou nada sei sobre ele. Mas diante \u00e0 situa\u00e7\u00e3o e longe do acervo, me vejo obrigado a bot\u00e1-lo para rodar antes da hora. Contudo (ou com nada) vejo agora que pouco adiantaria t\u00ea-lo guardado para uma outra ocasi\u00e3o. Procurei rapidamente pela rede e n\u00e3o achei absolutamente nada sobre Os (obscuros) Bons de Bossa e seu &#8220;Balan\u00e7o a be\u00e7a&#8221;. Fica claro apenas que se trata de um disco gravado (ou lan\u00e7ado) pelo selo argentino Trova e um dos seus integrantes \u00e9 nada mais, nada menos que Walter Wanderley. Eu suponho que este disco ele tenha gravado na Argentina, sem que aparecesse o seu nome, por motivos de contrato com a Philips. V\u00e1rios artistas brasileiros, em apresenta\u00e7\u00f5es na Argentina, gravaram dessa forma pelo selo Trova. Infelizmente n\u00e3o achei nenhuma refer\u00eancia ao Walter Wanderley ou sobre sua participa\u00e7\u00e3o neste disco. Por\u00e9m, se algu\u00e9m duvida de que seja ele mesmo, basta ouvir&#8230; (e se algu\u00e9m tiver informa\u00e7\u00f5es, d\u00ea tamb\u00e9m o toque no coment\u00e1rios)<\/p>\n<div align=\"center\">samba do avi\u00e3o<\/div>\n<div align=\"center\">samba da madrugada<\/div>\n<div align=\"center\">samba de bossa<\/div>\n<div align=\"center\">samba triste<\/div>\n<div align=\"center\">samba da minha terra<\/div>\n<div align=\"center\">samba novo<\/div>\n<div align=\"center\">samba brasileiro<\/div>\n<div align=\"center\">samba no jap\u00e3o<\/div>\n<div align=\"center\">samba pra filante<\/div>\n<div align=\"center\">samba de uma nota s\u00f3<\/div>\n<div align=\"center\">samba em prel\u00fadio<\/div>\n<div align=\"center\">samba s\u00f3<\/div>\n<div align=\"center\"><\/div>\n<div align=\"center\"><\/div>\n<div align=\"center\"><\/div>\n<div align=\"center\"><\/div>\n","protected":false},"excerpt":{"rendered":"<p>E eu que pensava que esta semana seria mais tranquila para mim. Que nada&#8230; \ud83d\ude41 Continuo daquele jeito, correndo atr\u00e1s do tempo. Por isso, l\u00e1 vou eu puxando a gaveta das reservas, pois s\u00f3 disponho de meia hora. Se n\u00e3o &hellip; <a href=\"https:\/\/www.toque-musicall.com\/?p=1216\">Continue lendo <span class=\"meta-nav\">&rarr;<\/span><\/a><\/p>\n","protected":false},"author":1,"featured_media":0,"comment_status":"open","ping_status":"closed","sticky":false,"template":"","format":"standard","meta":{"footnotes":""},"categories":[1460,286],"tags":[],"class_list":["post-1216","post","type-post","status-publish","format-standard","hentry","category-os-bons-de-bossa","category-walter-wanderley"],"_links":{"self":[{"href":"https:\/\/www.toque-musicall.com\/index.php?rest_route=\/wp\/v2\/posts\/1216","targetHints":{"allow":["GET"]}}],"collection":[{"href":"https:\/\/www.toque-musicall.com\/index.php?rest_route=\/wp\/v2\/posts"}],"about":[{"href":"https:\/\/www.toque-musicall.com\/index.php?rest_route=\/wp\/v2\/types\/post"}],"author":[{"embeddable":true,"href":"https:\/\/www.toque-musicall.com\/index.php?rest_route=\/wp\/v2\/users\/1"}],"replies":[{"embeddable":true,"href":"https:\/\/www.toque-musicall.com\/index.php?rest_route=%2Fwp%2Fv2%2Fcomments&post=1216"}],"version-history":[{"count":0,"href":"https:\/\/www.toque-musicall.com\/index.php?rest_route=\/wp\/v2\/posts\/1216\/revisions"}],"wp:attachment":[{"href":"https:\/\/www.toque-musicall.com\/index.php?rest_route=%2Fwp%2Fv2%2Fmedia&parent=1216"}],"wp:term":[{"taxonomy":"category","embeddable":true,"href":"https:\/\/www.toque-musicall.com\/index.php?rest_route=%2Fwp%2Fv2%2Fcategories&post=1216"},{"taxonomy":"post_tag","embeddable":true,"href":"https:\/\/www.toque-musicall.com\/index.php?rest_route=%2Fwp%2Fv2%2Ftags&post=1216"}],"curies":[{"name":"wp","href":"https:\/\/api.w.org\/{rel}","templated":true}]}}