{"id":1222,"date":"2009-04-22T09:37:00","date_gmt":"2009-04-22T09:37:00","guid":{"rendered":"http:\/\/www.toque-musicall.com\/?p=1222"},"modified":"2009-04-22T09:37:00","modified_gmt":"2009-04-22T09:37:00","slug":"carlos-galhardo-cauby-peixoto-compactos","status":"publish","type":"post","link":"https:\/\/www.toque-musicall.com\/?p=1222","title":{"rendered":"Carlos Galhardo \/ Cauby Peixoto &#8211; Compactos"},"content":{"rendered":"<p><a href=\"http:\/\/4.bp.blogspot.com\/_DSKVEvHtskc\/Se7mBLqb9KI\/AAAAAAAADwk\/ZhIeBMDiqT0\/s1600-h\/carlos+e+cauby+P.JPG\"><img decoding=\"async\" id=\"BLOGGER_PHOTO_ID_5327448317210916002\" style=\"DISPLAY: block; MARGIN: 0px auto 10px; WIDTH: 399px; CURSOR: hand; HEIGHT: 400px; TEXT-ALIGN: center\" alt=\"\" src=\"http:\/\/4.bp.blogspot.com\/_DSKVEvHtskc\/Se7mBLqb9KI\/AAAAAAAADwk\/ZhIeBMDiqT0\/s400\/carlos+e+cauby+P.JPG\" border=\"0\" \/><\/a> Meus prezados amigos cultos e ocultos, bom dia! Volto a lembrar que o Toque Musical est\u00e1 ativo em dois endere\u00e7os (<a href=\"http:\/\/toque-musicall.blogspot.com\/\">http:\/\/toque-musicall.blogspot.com<\/a> e <a href=\"http:\/\/toque-musical.blogspot.com\/\">http:\/\/toque-musical.blogspot.com<\/a>). <\/p>\n<div>Por enquanto vai ficando assim, mas pretendo resolver logo essa situa\u00e7\u00e3o. Fica dif\u00edcil manter uma matriz e uma filial, da\u00ed pe\u00e7o a todos (que ainda n\u00e3o o fizeram) que migrem para o endere\u00e7o da matriz (<a href=\"http:\/\/toque-musicall.blogspot.com\/\">http:\/\/toque-musicall.blogspot.com<\/a>). Espero at\u00e9 o fim do m\u00eas para essa mudan\u00e7a. A partir de maio, o outro ficar\u00e1 privado (na reserva para as emerg\u00eancias), ok?<\/div>\n<div>O dia de hoje ser\u00e1 do compacto, aqueles disquinhos de 7 polegadas, normalmente com uma m\u00fasica de cada lado. Muito comuns nos anos 60 e 70, eram usados pela ind\u00fastria fonogr\u00e1fica, principalmente para pr\u00e9-lan\u00e7amentos de seus \u00e1lbuns. Uma maneira de testar o interesse do p\u00fablico por um determinado artista\/m\u00fasica\/disco ou mesmo para refor\u00e7ar seu lan\u00e7amento. <\/div>\n<div>H\u00e1 tempos eu venho querendo postar uns aqui, mas os &#8216;grand\u00f5es&#8217; nunca davam chances. Mas hoje vai ser diferente, vou fazer duas sess\u00f5es musicais para valer um lp \ud83d\ude09<\/div>\n<div>Come\u00e7o agora cedo trazendo dois compactos muito interessantes e com um leve sabor de bossa. Gravados nos anos 60 (sem data certa), tanto um como o outro trazem o flerte com a Bossa Nova. O primeiro, de Carlos Galhardo, vem com &#8220;Das Rosas&#8221; de Caymmi e &#8220;Senhorita Rio&#8221; de S\u00e9rgio Malta. N\u00e3o me lembro dessas duas faixas em outro disco do artista. O segundo compacto \u00e9 de Cauby Peixoto interpretando duas m\u00fasicas de Jo\u00e3o Roberto Kelly e Augusto Mello Pinto, a balada rom\u00e2ntica &#8220;Ana L\u00facia&#8221; e a bossa &#8220;Menina da Penha&#8221;.<\/div>\n<div>Ta\u00ed, dois disquinhos que valem o dia. Mas n\u00e3o vamos ficar s\u00f3 por aqui. No segundo tempo tem mais dois compactos. Aguardem&#8230; \ud83d\ude09<\/div>\n<div> <\/div>\n<div align=\"center\"><\/div>\n<div align=\"center\">Cauby Peixoto:<\/div>\n<div align=\"center\">ana l\u00facia<\/div>\n<div align=\"center\">menina da penha<\/div>\n<div align=\"center\">Carlos Galhardo<\/div>\n<div align=\"center\">das rosas<\/div>\n<div align=\"center\">senhorita rio<\/div>\n<div align=\"center\"><\/div>\n<div align=\"center\"><\/div>\n<div align=\"center\"> <\/div>\n<div align=\"center\"> <\/div>\n","protected":false},"excerpt":{"rendered":"<p>Meus prezados amigos cultos e ocultos, bom dia! Volto a lembrar que o Toque Musical est\u00e1 ativo em dois endere\u00e7os (http:\/\/toque-musicall.blogspot.com e http:\/\/toque-musical.blogspot.com). Por enquanto vai ficando assim, mas pretendo resolver logo essa situa\u00e7\u00e3o. Fica dif\u00edcil manter uma matriz e &hellip; <a href=\"https:\/\/www.toque-musicall.com\/?p=1222\">Continue lendo <span class=\"meta-nav\">&rarr;<\/span><\/a><\/p>\n","protected":false},"author":1,"featured_media":0,"comment_status":"open","ping_status":"closed","sticky":false,"template":"","format":"standard","meta":{"footnotes":""},"categories":[138,177],"tags":[],"class_list":["post-1222","post","type-post","status-publish","format-standard","hentry","category-carlos-galhardo","category-cauby-peixoto"],"_links":{"self":[{"href":"https:\/\/www.toque-musicall.com\/index.php?rest_route=\/wp\/v2\/posts\/1222","targetHints":{"allow":["GET"]}}],"collection":[{"href":"https:\/\/www.toque-musicall.com\/index.php?rest_route=\/wp\/v2\/posts"}],"about":[{"href":"https:\/\/www.toque-musicall.com\/index.php?rest_route=\/wp\/v2\/types\/post"}],"author":[{"embeddable":true,"href":"https:\/\/www.toque-musicall.com\/index.php?rest_route=\/wp\/v2\/users\/1"}],"replies":[{"embeddable":true,"href":"https:\/\/www.toque-musicall.com\/index.php?rest_route=%2Fwp%2Fv2%2Fcomments&post=1222"}],"version-history":[{"count":0,"href":"https:\/\/www.toque-musicall.com\/index.php?rest_route=\/wp\/v2\/posts\/1222\/revisions"}],"wp:attachment":[{"href":"https:\/\/www.toque-musicall.com\/index.php?rest_route=%2Fwp%2Fv2%2Fmedia&parent=1222"}],"wp:term":[{"taxonomy":"category","embeddable":true,"href":"https:\/\/www.toque-musicall.com\/index.php?rest_route=%2Fwp%2Fv2%2Fcategories&post=1222"},{"taxonomy":"post_tag","embeddable":true,"href":"https:\/\/www.toque-musicall.com\/index.php?rest_route=%2Fwp%2Fv2%2Ftags&post=1222"}],"curies":[{"name":"wp","href":"https:\/\/api.w.org\/{rel}","templated":true}]}}