{"id":1224,"date":"2009-04-21T01:48:00","date_gmt":"2009-04-21T01:48:00","guid":{"rendered":"http:\/\/www.toque-musicall.com\/?p=1224"},"modified":"2009-04-21T01:48:00","modified_gmt":"2009-04-21T01:48:00","slug":"gilberto-canavarro-seu-conjunto-jubileu-de-prata-da-musica-de-herivelto-martins-1956","status":"publish","type":"post","link":"https:\/\/www.toque-musicall.com\/?p=1224","title":{"rendered":"Gilberto Canavarro &#038; Seu Conjunto &#8211; Jubileu De Prata Da M\u00fasica De Herivelto Martins (1956)"},"content":{"rendered":"<p><a href=\"http:\/\/3.bp.blogspot.com\/_DSKVEvHtskc\/Se0mB21g8-I\/AAAAAAAADvk\/y_FOQ-BOn1c\/s1600-h\/Gilberto+Canavarro+P.JPG\"><img decoding=\"async\" id=\"BLOGGER_PHOTO_ID_5326955747590861794\" style=\"DISPLAY: block; MARGIN: 0px auto 10px; WIDTH: 400px; CURSOR: hand; HEIGHT: 398px; TEXT-ALIGN: center\" alt=\"\" src=\"http:\/\/3.bp.blogspot.com\/_DSKVEvHtskc\/Se0mB21g8-I\/AAAAAAAADvk\/y_FOQ-BOn1c\/s400\/Gilberto+Canavarro+P.JPG\" border=\"0\" \/><\/a>Neste fim de semana fiquei com o blog travando direto. Isso me deixou confuso e me levou a pensar em diversas raz\u00f5es. Apelei para todo tipo de coisa para solucionar o problema. Com isso acabei desconfigurando o blog e bagun\u00e7ei todo o \u2018layout\u2019. De nada adiantou. Resolvi ent\u00e3o ativar o velho endere\u00e7o. Importei todo o conte\u00fado do \u2018problem\u00e1tico\u2019 e criei um blog r\u00e9plica. Percebi que algumas otimiza\u00e7\u00f5es haviam se perdido, como o quandrinho de bate-papo, os links para outros sites e o contador de visitas. Por\u00e9m, o clone estava funcionando perfeitamente. Foi da\u00ed que eu percebi que o problema era causado  por um daqueles recursos. Um amigo me informou depois que o problema era no contador de visitas. Era ele quem estava travando tudo. Agora parece que tudo voltou a normalidade. Contudo, estou num dilema. Tenho dois blogs iguais e n\u00e3o sei qual deles devo retirar da rede. N\u00e3o faz sentido ter dois blogs iguais. Por outro lado, tanto num como no outro o Toque Musical tem muitos seguidores. O ideal seria juntar todos num s\u00f3. Por enquanto irei mantendo os dois ativos, mas vamos nos direcionar para apenas um, ok?<br \/>Para o dia de hoje eu tenho aqui um disco desses que s\u00f3 mesmo pela atua\u00e7\u00e3o de um blog poderia voltar \u00e0 tona. \u201cJubileu de Prata\u201d, com Gilberto Canavarro e Seu Conjunto. Quem, al\u00e9m de umas pouqu\u00edssimas pessoas, saber\u00e1 ainda da exist\u00eancia deste disco e de seu artista? Eu arriscaria a dizer que talvez nada sobrou. Por outro lado n\u00e3o me surpreenderia receber um e-mail de algu\u00e9m que conheceu. Principalmente um parente pr\u00f3ximo, saudoso e agradecido por encontrar aqui uma parte do seu mundo. O certo \u00e9 que Gilberto Canavarro foi um pianista com uma carreira muito curta. Faleceu alguns dias ap\u00f3s a grava\u00e7\u00e3o deste disco. Em 1956 eram comemorados os 25 anos de vida art\u00edstica do compositor Herivelto Martins. Mais de cem m\u00fasicas antigas e novas, foram na \u00e9poca lan\u00e7adas em novos discos e por diversas gravadoras. A Columbia tamb\u00e9m preparou sua cota e gravou o jovem pianista Gilberto Canavarro, de apenas 28 anos. O repert\u00f3rio traz oito sambas de Herivelto, numa interpreta\u00e7\u00e3o instrumental, alegre e dan\u00e7ante. Este disco \u00e9 tamb\u00e9m uma homenagem ao instrumentista que infelizmente s\u00f3 nos deixou gravados essas faixas. Vale a pena conferir.<\/p>\n<div align=\"center\">dois cora\u00e7\u00f5es<\/div>\n<div align=\"center\">madrugada<\/div>\n<div align=\"center\">ela me beijou<\/div>\n<div align=\"center\">depois da separa\u00e7\u00e3o<\/div>\n<div align=\"center\">sem ela <\/div>\n<div align=\"center\">segredo<\/div>\n<div align=\"center\">culpe-me<\/div>\n<div align=\"center\">cabelos brancos<\/div>\n<div align=\"center\"> <\/div>\n<div align=\"center\"> <\/div>\n","protected":false},"excerpt":{"rendered":"<p>Neste fim de semana fiquei com o blog travando direto. Isso me deixou confuso e me levou a pensar em diversas raz\u00f5es. Apelei para todo tipo de coisa para solucionar o problema. Com isso acabei desconfigurando o blog e bagun\u00e7ei &hellip; <a href=\"https:\/\/www.toque-musicall.com\/?p=1224\">Continue lendo <span class=\"meta-nav\">&rarr;<\/span><\/a><\/p>\n","protected":false},"author":1,"featured_media":0,"comment_status":"open","ping_status":"closed","sticky":false,"template":"","format":"standard","meta":{"footnotes":""},"categories":[1463,672],"tags":[],"class_list":["post-1224","post","type-post","status-publish","format-standard","hentry","category-gilberto-canavarro","category-herivelto-martins"],"_links":{"self":[{"href":"https:\/\/www.toque-musicall.com\/index.php?rest_route=\/wp\/v2\/posts\/1224","targetHints":{"allow":["GET"]}}],"collection":[{"href":"https:\/\/www.toque-musicall.com\/index.php?rest_route=\/wp\/v2\/posts"}],"about":[{"href":"https:\/\/www.toque-musicall.com\/index.php?rest_route=\/wp\/v2\/types\/post"}],"author":[{"embeddable":true,"href":"https:\/\/www.toque-musicall.com\/index.php?rest_route=\/wp\/v2\/users\/1"}],"replies":[{"embeddable":true,"href":"https:\/\/www.toque-musicall.com\/index.php?rest_route=%2Fwp%2Fv2%2Fcomments&post=1224"}],"version-history":[{"count":0,"href":"https:\/\/www.toque-musicall.com\/index.php?rest_route=\/wp\/v2\/posts\/1224\/revisions"}],"wp:attachment":[{"href":"https:\/\/www.toque-musicall.com\/index.php?rest_route=%2Fwp%2Fv2%2Fmedia&parent=1224"}],"wp:term":[{"taxonomy":"category","embeddable":true,"href":"https:\/\/www.toque-musicall.com\/index.php?rest_route=%2Fwp%2Fv2%2Fcategories&post=1224"},{"taxonomy":"post_tag","embeddable":true,"href":"https:\/\/www.toque-musicall.com\/index.php?rest_route=%2Fwp%2Fv2%2Ftags&post=1224"}],"curies":[{"name":"wp","href":"https:\/\/api.w.org\/{rel}","templated":true}]}}