{"id":1226,"date":"2009-04-18T19:33:00","date_gmt":"2009-04-18T19:33:00","guid":{"rendered":"http:\/\/www.toque-musicall.com\/?p=1226"},"modified":"2009-04-18T19:33:00","modified_gmt":"2009-04-18T19:33:00","slug":"bossa-nova-bossa-instrumental-2009","status":"publish","type":"post","link":"https:\/\/www.toque-musicall.com\/?p=1226","title":{"rendered":"Bossa Nova &#8211; Bossa Instrumental (2009)"},"content":{"rendered":"<p><a href=\"http:\/\/1.bp.blogspot.com\/_DSKVEvHtskc\/SepEGk2CG7I\/AAAAAAAADvI\/phKn_i5rgLw\/s1600-h\/capa+P.JPG\"><img decoding=\"async\" id=\"BLOGGER_PHOTO_ID_5326144389079243698\" style=\"DISPLAY: block; MARGIN: 0px auto 10px; WIDTH: 397px; CURSOR: hand; HEIGHT: 400px; TEXT-ALIGN: center\" alt=\"\" src=\"http:\/\/1.bp.blogspot.com\/_DSKVEvHtskc\/SepEGk2CG7I\/AAAAAAAADvI\/phKn_i5rgLw\/s400\/capa+P.JPG\" border=\"0\" \/><\/a> Coisa mais estranha desse &#8216;mundo blogosf\u00e9rico&#8217;&#8230; n\u00e3o estou conseguindo acessar o blog sem que ele trave completamente. Ser\u00e1 que este problema acontece tamb\u00e9m com voc\u00eas ao entrarem no Toque Musical? Pelo jeito, parece que n\u00e3o&#8230; ningu\u00e9m reclamou. Pensei que fosse algum dos recursos que tenho no blog, como o &#8216;slide show&#8217;, o contador de visitas ou mesmo o quadrinho de batepapo. Por via de d\u00favidas desinstalei o bate-papo, mas o problema persistiu. Por enquanto vai ficando assim. Mas \u00e9 desanimador. Se algu\u00e9m puder dar uma luz, seria bom.<br \/>Como meu tempo anda curt\u00edssimo, hoje eu vou mandar uma colet\u00e2nea &#8216;made in TM&#8217; de Bossa Jazz, que com certeza ir\u00e1 agradar. Eu havia preparado esta sele\u00e7\u00e3o musical para presentear um amigo e cheguei inclusive a criar a capinha. Aproveito a ocasi\u00e3o para presentear voc\u00eas tamb\u00e9m.<br \/>Temos aqui, rigorosamente selecionados, 14 temas instrumentais cl\u00e1ssicos da Bossa Nova, com uma excelente qualidade sonora. Para um s\u00e1bado bacana como este, nada melhor que esta trilha musical. Confira a\u00ed&#8230;<\/p>\n<div align=\"center\">diz que fui por a\u00ed &#8211; meirelles e copa 5<\/div>\n<div align=\"center\">insensatez &#8211; tom jobim<\/div>\n<div align=\"center\">samba de ver\u00e3o &#8211; roberto menescal<\/div>\n<div align=\"center\">chora tua tristeza &#8211; oscar castro neves<\/div>\n<div align=\"center\">in\u00fatil paisagem &#8211; sergio mendes trio<\/div>\n<div align=\"center\">tema do boneco de palha &#8211; rosinha de valen\u00e7a<\/div>\n<div align=\"center\">valsa de uma cidade &#8211; dick farney<\/div>\n<div align=\"center\">a morte de um deus de sal &#8211; luiz e\u00e7a<\/div>\n<div align=\"center\">amor em paz &#8211; tom jobim<\/div>\n<div align=\"center\">improviso em bossa nova &#8211; baden powell<\/div>\n<div align=\"center\">garota de ipanema &#8211; sergio mendes &#038; bossa trio<\/div>\n<div align=\"center\">surf board &#8211; roberto menescal<\/div>\n<div align=\"center\">voc\u00ea &#8211; tom jobim<\/div>\n<div align=\"center\">berimbau &#8211; baden powell<\/div>\n<div align=\"center\"><\/div>\n<div align=\"center\"><\/div>\n<div align=\"center\"> <\/div>\n<div align=\"center\"> <\/div>\n","protected":false},"excerpt":{"rendered":"<p>Coisa mais estranha desse &#8216;mundo blogosf\u00e9rico&#8217;&#8230; n\u00e3o estou conseguindo acessar o blog sem que ele trave completamente. Ser\u00e1 que este problema acontece tamb\u00e9m com voc\u00eas ao entrarem no Toque Musical? Pelo jeito, parece que n\u00e3o&#8230; ningu\u00e9m reclamou. Pensei que fosse &hellip; <a href=\"https:\/\/www.toque-musicall.com\/?p=1226\">Continue lendo <span class=\"meta-nav\">&rarr;<\/span><\/a><\/p>\n","protected":false},"author":1,"featured_media":0,"comment_status":"open","ping_status":"closed","sticky":false,"template":"","format":"standard","meta":{"footnotes":""},"categories":[135,391,1465,392,1464,1466,361,295,1296,563,1303],"tags":[],"class_list":["post-1226","post","type-post","status-publish","format-standard","hentry","category-antonio-carlos-jobim","category-baden-powell","category-bossa-nova-instrumental","category-dick-farney","category-luiz-eca","category-meirelles-e-copa-5","category-oscar-castro-neves","category-roberto-menescal","category-rosinha-de-valenca","category-sergio-mendes","category-variados"],"_links":{"self":[{"href":"https:\/\/www.toque-musicall.com\/index.php?rest_route=\/wp\/v2\/posts\/1226","targetHints":{"allow":["GET"]}}],"collection":[{"href":"https:\/\/www.toque-musicall.com\/index.php?rest_route=\/wp\/v2\/posts"}],"about":[{"href":"https:\/\/www.toque-musicall.com\/index.php?rest_route=\/wp\/v2\/types\/post"}],"author":[{"embeddable":true,"href":"https:\/\/www.toque-musicall.com\/index.php?rest_route=\/wp\/v2\/users\/1"}],"replies":[{"embeddable":true,"href":"https:\/\/www.toque-musicall.com\/index.php?rest_route=%2Fwp%2Fv2%2Fcomments&post=1226"}],"version-history":[{"count":0,"href":"https:\/\/www.toque-musicall.com\/index.php?rest_route=\/wp\/v2\/posts\/1226\/revisions"}],"wp:attachment":[{"href":"https:\/\/www.toque-musicall.com\/index.php?rest_route=%2Fwp%2Fv2%2Fmedia&parent=1226"}],"wp:term":[{"taxonomy":"category","embeddable":true,"href":"https:\/\/www.toque-musicall.com\/index.php?rest_route=%2Fwp%2Fv2%2Fcategories&post=1226"},{"taxonomy":"post_tag","embeddable":true,"href":"https:\/\/www.toque-musicall.com\/index.php?rest_route=%2Fwp%2Fv2%2Ftags&post=1226"}],"curies":[{"name":"wp","href":"https:\/\/api.w.org\/{rel}","templated":true}]}}