{"id":1228,"date":"2009-04-16T21:45:00","date_gmt":"2009-04-16T21:45:00","guid":{"rendered":"http:\/\/www.toque-musicall.com\/?p=1228"},"modified":"2009-04-16T21:45:00","modified_gmt":"2009-04-16T21:45:00","slug":"francisco-alves-interpreta-sinho-1968","status":"publish","type":"post","link":"https:\/\/www.toque-musicall.com\/?p=1228","title":{"rendered":"Francisco Alves &#8211; Interpreta Sinh\u00f4 (1968)"},"content":{"rendered":"<div align=\"left\"><a href=\"http:\/\/1.bp.blogspot.com\/_DSKVEvHtskc\/SeessoXx23I\/AAAAAAAADu4\/uACGAfUdfyk\/s1600-h\/francisco+alves+P.JPG\"><img decoding=\"async\" id=\"BLOGGER_PHOTO_ID_5325414967140277106\" style=\"DISPLAY: block; MARGIN: 0px auto 10px; WIDTH: 398px; CURSOR: hand; HEIGHT: 400px; TEXT-ALIGN: center\" alt=\"\" src=\"http:\/\/1.bp.blogspot.com\/_DSKVEvHtskc\/SeessoXx23I\/AAAAAAAADu4\/uACGAfUdfyk\/s400\/francisco+alves+P.JPG\" border=\"0\" \/><\/a> Ol\u00e1! Hoje serei brev\u00edssimo. Estou aproveitando o hor\u00e1rio do lanche para fazer esta postagem (apenas 15). Apresento a voc\u00eas esta sele\u00e7\u00e3o Odeon, lan\u00e7ada em 1968, de Francisco Alves interpretando um dos maiores compositores do in\u00edcio da nossa m\u00fasica popular brasileira, Jos\u00e9 Barbosa da Silva, o Sinh\u00f4. S\u00e3o grava\u00e7\u00f5es de \u00e9poca, recolhidas de diversos discos do Chico Viola nos anos 20 (!). Algumas faixas nunca haviam antes sido prensadas em &#8216;Long Play&#8217;. Ficou, realmente um sinh\u00f4 disco!<\/div>\n<div align=\"left\">Na pr\u00f3xima semana quero postar outro disco do Sinh\u00f4 nas vozes de Francisco Alves e tamb\u00e9m do M\u00e1rio Reis. Fica programado se for do agrado e interesse de todos, ok? Por hora, vamos ouvir&#8230;<\/div>\n<div align=\"center\">.<\/div>\n<div align=\"center\">cassino maxixe<\/div>\n<div align=\"center\">ora, vejam s\u00f3<\/div>\n<div align=\"center\">a favela vai abaixo<\/div>\n<div align=\"center\">n\u00e3o quero saber mais dela<\/div>\n<div align=\"center\">o bobalh\u00e3o<\/div>\n<div align=\"center\">amamar a uma s\u00f3 mulher<\/div>\n<div align=\"center\">ora, vejam s\u00f3 (outra vers\u00e3o)<\/div>\n<div align=\"center\">sonho de ga\u00facho<\/div>\n<div align=\"center\">alegrias de caboclo<\/div>\n<div align=\"center\">n\u00e3o sou ba\u00fa<\/div>\n<div align=\"center\">eu ou\u00e7o falar<\/div>\n<div align=\"center\">eu queria saber<\/div>\n<div align=\"center\"><\/div>\n<div align=\"center\"><\/div>\n<div align=\"center\"><\/div>\n<div align=\"center\"><\/div>\n","protected":false},"excerpt":{"rendered":"<p>Ol\u00e1! Hoje serei brev\u00edssimo. Estou aproveitando o hor\u00e1rio do lanche para fazer esta postagem (apenas 15). Apresento a voc\u00eas esta sele\u00e7\u00e3o Odeon, lan\u00e7ada em 1968, de Francisco Alves interpretando um dos maiores compositores do in\u00edcio da nossa m\u00fasica popular brasileira, &hellip; <a href=\"https:\/\/www.toque-musicall.com\/?p=1228\">Continue lendo <span class=\"meta-nav\">&rarr;<\/span><\/a><\/p>\n","protected":false},"author":1,"featured_media":0,"comment_status":"open","ping_status":"closed","sticky":false,"template":"","format":"standard","meta":{"footnotes":""},"categories":[115,1077],"tags":[],"class_list":["post-1228","post","type-post","status-publish","format-standard","hentry","category-francisco-alves","category-sinho"],"_links":{"self":[{"href":"https:\/\/www.toque-musicall.com\/index.php?rest_route=\/wp\/v2\/posts\/1228","targetHints":{"allow":["GET"]}}],"collection":[{"href":"https:\/\/www.toque-musicall.com\/index.php?rest_route=\/wp\/v2\/posts"}],"about":[{"href":"https:\/\/www.toque-musicall.com\/index.php?rest_route=\/wp\/v2\/types\/post"}],"author":[{"embeddable":true,"href":"https:\/\/www.toque-musicall.com\/index.php?rest_route=\/wp\/v2\/users\/1"}],"replies":[{"embeddable":true,"href":"https:\/\/www.toque-musicall.com\/index.php?rest_route=%2Fwp%2Fv2%2Fcomments&post=1228"}],"version-history":[{"count":0,"href":"https:\/\/www.toque-musicall.com\/index.php?rest_route=\/wp\/v2\/posts\/1228\/revisions"}],"wp:attachment":[{"href":"https:\/\/www.toque-musicall.com\/index.php?rest_route=%2Fwp%2Fv2%2Fmedia&parent=1228"}],"wp:term":[{"taxonomy":"category","embeddable":true,"href":"https:\/\/www.toque-musicall.com\/index.php?rest_route=%2Fwp%2Fv2%2Fcategories&post=1228"},{"taxonomy":"post_tag","embeddable":true,"href":"https:\/\/www.toque-musicall.com\/index.php?rest_route=%2Fwp%2Fv2%2Ftags&post=1228"}],"curies":[{"name":"wp","href":"https:\/\/api.w.org\/{rel}","templated":true}]}}