{"id":1229,"date":"2009-04-15T16:56:00","date_gmt":"2009-04-15T16:56:00","guid":{"rendered":"http:\/\/www.toque-musicall.com\/?p=1229"},"modified":"2009-04-15T16:56:00","modified_gmt":"2009-04-15T16:56:00","slug":"joao-de-barro-serie-documento-1972","status":"publish","type":"post","link":"https:\/\/www.toque-musicall.com\/?p=1229","title":{"rendered":"Jo\u00e3o de Barro &#8211; S\u00e9rie Documento (1972)"},"content":{"rendered":"<div align=\"left\"><a href=\"http:\/\/1.bp.blogspot.com\/_DSKVEvHtskc\/SeYSV6zNS0I\/AAAAAAAADuw\/8eGAJlAnsXw\/s1600-h\/jo%C3%83%C2%A3o+de+barro+P.JPG\"><img decoding=\"async\" alt=\"\" border=\"0\" id=\"BLOGGER_PHOTO_ID_5324963777182780226\" src=\"http:\/\/1.bp.blogspot.com\/_DSKVEvHtskc\/SeYSV6zNS0I\/AAAAAAAADuw\/8eGAJlAnsXw\/s400\/jo%C3%A3o+de+barro+P.JPG\" style=\"cursor: hand; display: block; height: 398px; margin: 0px auto 10px; text-align: center; width: 400px;\" \/><\/a> Yes, n\u00f3s temos Braguinha! Finalmente chegou a vez deste grande compositor aqui no nosso Toque Musical. Carlos Alberto Ferreira Braga, Braguinha ou Jo\u00e3o de Barro, n\u00e3o importa como o chamamos. O que importa \u00e9 que ele foi um dos mais importantes compositores da m\u00fasica popular brasileira. Jo\u00e3o de Barro vem do tempo em que ele fazia parte do grupo &#8220;Bando dos Tangar\u00e1s&#8221;. Nessa \u00e9poca todos os integrantes adotaram nomes de p\u00e1ssaros e Braguinha passou a ser o jo\u00e3o de barro. Carioca da gema, autor de can\u00e7\u00f5es memor\u00e1veis que nunca sairam de moda. Seu forte eram as marchinhas carnavalescas, como &#8220;Linda Lourinha&#8221;, &#8220;Uma Andorinha N\u00e3o Faz Ver\u00e3o&#8221;, &#8220;Linda Mimi&#8221;, &#8220;Dama das Cam\u00e9lias&#8221;, &#8220;Cad\u00ea Mimi&#8221;, Balanc\u00ea (regravada com muito sucesso por Gal Costa, quarenta e dois anos depois), Andaluzia (sucesso tamb\u00e9m na voz de Maria Beth\u00e2nia), &#8220;Pirata da Perna de Pau&#8221;, &#8220;Touradas em Madrid&#8221; e tantas outras. Neste disco podemos conferir um pouco dessas p\u00e9rolas. Gravado em 1972, este \u00e1lbum \u00e9 de uma beleza que valia ser duplo ou triplo. Temos o pr\u00f3prio Braguinha interpretando sua obra de maneira despretensiosa, somado aos arranjos de Radam\u00e9s Gnatalli que lhe garante um &#8216;sabor&#8217; ainda mais refinado. Imperd\u00edvel!<\/p>\n<div align=\"center\">.<\/div>\n<div align=\"center\">anda luzia \/ pastorinhas<\/div>\n<div align=\"center\">linda loirinha \/ touradas de madri<\/div>\n<div align=\"center\">yes, n\u00f3s temos bananas \/ pirata da perna de pau<\/div>\n<div align=\"center\">tem gato na tuba \/ uma andorinha n\u00e3o faz ver\u00e3o<\/div>\n<div align=\"center\">chiquita bancana \/ com jeito vai<\/div>\n<div align=\"center\">primavera no rio \/ copacabana<\/div>\n<div align=\"center\">tem marujo no samba \/ balancei a roseira<\/div>\n<div align=\"center\">laura<\/div>\n<div align=\"center\">a saudade mata a gente<\/div>\n<div align=\"center\">fim de semana em paquet\u00e1<\/div>\n<div align=\"center\">carinhoso<\/div>\n<div align=\"center\">onde o c\u00e9u azul \u00e9 mais azul<\/div>\n<div align=\"center\"><\/div>\n<div align=\"center\"><\/div>\n<div align=\"center\"><\/div>\n<div align=\"center\"><\/div>\n<\/div>\n","protected":false},"excerpt":{"rendered":"<p>Yes, n\u00f3s temos Braguinha! Finalmente chegou a vez deste grande compositor aqui no nosso Toque Musical. Carlos Alberto Ferreira Braga, Braguinha ou Jo\u00e3o de Barro, n\u00e3o importa como o chamamos. O que importa \u00e9 que ele foi um dos mais &hellip; <a href=\"https:\/\/www.toque-musicall.com\/?p=1229\">Continue lendo <span class=\"meta-nav\">&rarr;<\/span><\/a><\/p>\n","protected":false},"author":1,"featured_media":0,"comment_status":"open","ping_status":"closed","sticky":false,"template":"","format":"standard","meta":{"footnotes":""},"categories":[1469,1468,70],"tags":[],"class_list":["post-1229","post","type-post","status-publish","format-standard","hentry","category-braguinha","category-joao-de-barro","category-selo-rca-victor"],"_links":{"self":[{"href":"https:\/\/www.toque-musicall.com\/index.php?rest_route=\/wp\/v2\/posts\/1229","targetHints":{"allow":["GET"]}}],"collection":[{"href":"https:\/\/www.toque-musicall.com\/index.php?rest_route=\/wp\/v2\/posts"}],"about":[{"href":"https:\/\/www.toque-musicall.com\/index.php?rest_route=\/wp\/v2\/types\/post"}],"author":[{"embeddable":true,"href":"https:\/\/www.toque-musicall.com\/index.php?rest_route=\/wp\/v2\/users\/1"}],"replies":[{"embeddable":true,"href":"https:\/\/www.toque-musicall.com\/index.php?rest_route=%2Fwp%2Fv2%2Fcomments&post=1229"}],"version-history":[{"count":0,"href":"https:\/\/www.toque-musicall.com\/index.php?rest_route=\/wp\/v2\/posts\/1229\/revisions"}],"wp:attachment":[{"href":"https:\/\/www.toque-musicall.com\/index.php?rest_route=%2Fwp%2Fv2%2Fmedia&parent=1229"}],"wp:term":[{"taxonomy":"category","embeddable":true,"href":"https:\/\/www.toque-musicall.com\/index.php?rest_route=%2Fwp%2Fv2%2Fcategories&post=1229"},{"taxonomy":"post_tag","embeddable":true,"href":"https:\/\/www.toque-musicall.com\/index.php?rest_route=%2Fwp%2Fv2%2Ftags&post=1229"}],"curies":[{"name":"wp","href":"https:\/\/api.w.org\/{rel}","templated":true}]}}