{"id":123,"date":"2012-03-10T23:59:00","date_gmt":"2012-03-10T23:59:00","guid":{"rendered":"http:\/\/www.toque-musicall.com\/?p=123"},"modified":"2012-03-10T23:59:00","modified_gmt":"2012-03-10T23:59:00","slug":"1o-semana-nacional-dos-transportes-musica-popular-em-ritmo-de-transportes-1969","status":"publish","type":"post","link":"https:\/\/www.toque-musicall.com\/?p=123","title":{"rendered":"1\u00ba Semana Nacional Dos Transportes &#8211; M\u00fasica Popular Em Ritmo De Transportes (1969)"},"content":{"rendered":"<p><a href=\"http:\/\/2.bp.blogspot.com\/--eEV5fVATwo\/T1yFtDf_bkI\/AAAAAAAABM8\/OTqmZn4QmBc\/s1600\/capa+p.JPG\"><img decoding=\"async\" style=\"display:block; margin:0px auto 10px; text-align:center;cursor:pointer; cursor:hand;width: 398px; height: 400px;\" src=\"http:\/\/2.bp.blogspot.com\/--eEV5fVATwo\/T1yFtDf_bkI\/AAAAAAAABM8\/OTqmZn4QmBc\/s400\/capa+p.JPG\" border=\"0\" alt=\"\" id=\"BLOGGER_PHOTO_ID_5718592635933781570\" \/><\/a><a href=\"http:\/\/3.bp.blogspot.com\/-4r_SFwaljgQ\/T1yFpRdjE4I\/AAAAAAAABMw\/7wYc07SrCxg\/s1600\/contraca+P.JPG\"><img decoding=\"async\" style=\"display:block; margin:0px auto 10px; text-align:center;cursor:pointer; cursor:hand;width: 396px; height: 400px;\" src=\"http:\/\/3.bp.blogspot.com\/-4r_SFwaljgQ\/T1yFpRdjE4I\/AAAAAAAABMw\/7wYc07SrCxg\/s400\/contraca+P.JPG\" border=\"0\" alt=\"\" id=\"BLOGGER_PHOTO_ID_5718592570962154370\" \/><\/a>Ol\u00e1 amigos cultos, ocultos e associados! Sabadozinho puxado esse meu! N\u00e3o tive tempo hoje nem para ler e-mails. S\u00f3 agora, no final do dia \u00e9 que vou tentar dar o toque de hoje. Digo tentar porque, mal cheguei em casa, tomei um banho e agora j\u00e1 vou para outro compromisso. Estou s\u00f3 esperando o meu filhote acabar de se ajeitar. Vamos sair para jantar e n\u00e3o sei a que horas eu volto aqui. Diante a pressa, melhor \u00e9 recorrer aos meus  infal\u00edveis discos de gaveta.<\/p>\n<div>Hoje \u00e9 dia de colet\u00e2neas e como eu n\u00e3o tive tempo de preparar uma exclusiva, vamos com uma oficial, de gravadora. Escolhi para tal um disco diferente, ou melhor, uma colet\u00e2nea singular. Temos aqui um \u00e1lbum promocional, lan\u00e7ado pela RCA em 1969. Este lp foi criado, em edi\u00e7\u00e3o especial, para o ent\u00e3o Minist\u00e9rio dos Transpostes, na 1\u00aa Semana Nacional Dos Transportes (23 a 31 de julho), data essa que nunca mais vi sendo comemorada em anos posteriores. O disco nos apresenta nove m\u00fasicas cujos os temas se relacionam com transportes. O curioso \u00e9 que embora o disco tenha sido lan\u00e7ado pela RCA, nem todos os fonogramas s\u00e3o da mesma gravadora. Na verdade h\u00e1 aqui tamb\u00e9m grava\u00e7\u00f5es da Odeon e da Columbia. Um caso interessante de se ver, pois dificilmente iremos encontrar colet\u00e2neas oficiais que n\u00e3o sejam fonogramas de um mesmo selo. Por outro lado, j\u00e1 que o Governo conseguiu essa fa\u00e7anha, podia ter inclu\u00eddo outras m\u00fasicas que tamb\u00e9m tratam do mesmo tema. No cancioneiro popular o que n\u00e3o falta \u00e9 refer\u00eancia. Mas est\u00e1 valendo&#8230;  \ud83d\ude09 <\/div>\n<div><\/div>\n<div style=\"text-align: center;\">peguei um ita no norte &#8211; dorival caymmi<\/div>\n<div style=\"text-align: center;\">chofer de pra\u00e7a &#8211; luiz gonzaga<\/div>\n<div style=\"text-align: center;\">jangada &#8211; silvio caldas<\/div>\n<div style=\"text-align: center;\">o trem atrazou &#8211; roberto paiva<\/div>\n<div style=\"text-align: center;\">upa upa (meu trolinho) &#8211; dircinha baptista<\/div>\n<div style=\"text-align: center;\">trem azul &#8211; almirante<\/div>\n<div style=\"text-align: center;\">carango &#8211; erasmo carlos<\/div>\n<div style=\"text-align: center;\">bonde de s\u00e3o janu\u00e1rio &#8211; cyro monteiro<\/div>\n<div style=\"text-align: center;\">fon fon &#8211; carmem miranda e silvio caldas<\/div>\n<div style=\"text-align: center;\"><\/div>\n<div style=\"text-align: center;\"><\/div>\n","protected":false},"excerpt":{"rendered":"<p>Ol\u00e1 amigos cultos, ocultos e associados! Sabadozinho puxado esse meu! N\u00e3o tive tempo hoje nem para ler e-mails. S\u00f3 agora, no final do dia \u00e9 que vou tentar dar o toque de hoje. Digo tentar porque, mal cheguei em casa, &hellip; <a href=\"https:\/\/www.toque-musicall.com\/?p=123\">Continue lendo <span class=\"meta-nav\">&rarr;<\/span><\/a><\/p>\n","protected":false},"author":1,"featured_media":0,"comment_status":"open","ping_status":"closed","sticky":false,"template":"","format":"standard","meta":{"footnotes":""},"categories":[224,140,225,226,223,227,149,222,18,12],"tags":[],"class_list":["post-123","post","type-post","status-publish","format-standard","hentry","category-1o-semana-nacional-dos-transportes","category-almirante","category-carmem-miranda","category-cyro-monteiro","category-dircinha-batista","category-dorival-caymmi","category-erasmo-carlos","category-luiz-gonzaga","category-selo-rca","category-silvio-caldas"],"_links":{"self":[{"href":"https:\/\/www.toque-musicall.com\/index.php?rest_route=\/wp\/v2\/posts\/123","targetHints":{"allow":["GET"]}}],"collection":[{"href":"https:\/\/www.toque-musicall.com\/index.php?rest_route=\/wp\/v2\/posts"}],"about":[{"href":"https:\/\/www.toque-musicall.com\/index.php?rest_route=\/wp\/v2\/types\/post"}],"author":[{"embeddable":true,"href":"https:\/\/www.toque-musicall.com\/index.php?rest_route=\/wp\/v2\/users\/1"}],"replies":[{"embeddable":true,"href":"https:\/\/www.toque-musicall.com\/index.php?rest_route=%2Fwp%2Fv2%2Fcomments&post=123"}],"version-history":[{"count":0,"href":"https:\/\/www.toque-musicall.com\/index.php?rest_route=\/wp\/v2\/posts\/123\/revisions"}],"wp:attachment":[{"href":"https:\/\/www.toque-musicall.com\/index.php?rest_route=%2Fwp%2Fv2%2Fmedia&parent=123"}],"wp:term":[{"taxonomy":"category","embeddable":true,"href":"https:\/\/www.toque-musicall.com\/index.php?rest_route=%2Fwp%2Fv2%2Fcategories&post=123"},{"taxonomy":"post_tag","embeddable":true,"href":"https:\/\/www.toque-musicall.com\/index.php?rest_route=%2Fwp%2Fv2%2Ftags&post=123"}],"curies":[{"name":"wp","href":"https:\/\/api.w.org\/{rel}","templated":true}]}}