{"id":1230,"date":"2009-04-14T09:14:00","date_gmt":"2009-04-14T09:14:00","guid":{"rendered":"http:\/\/www.toque-musicall.com\/?p=1230"},"modified":"2009-04-14T09:14:00","modified_gmt":"2009-04-14T09:14:00","slug":"vicente-celestino-alma-e-coracao-1960","status":"publish","type":"post","link":"https:\/\/www.toque-musicall.com\/?p=1230","title":{"rendered":"Vicente Celestino &#8211; Alma E Cora\u00e7\u00e3o (1960)"},"content":{"rendered":"<p><a href=\"http:\/\/1.bp.blogspot.com\/_DSKVEvHtskc\/SeRY2j5AviI\/AAAAAAAADuI\/PCQkEwYCnC0\/s1600-h\/vicente+celestino+P.JPG\"><img decoding=\"async\" alt=\"\" border=\"0\" id=\"BLOGGER_PHOTO_ID_5324478353829314082\" src=\"http:\/\/1.bp.blogspot.com\/_DSKVEvHtskc\/SeRY2j5AviI\/AAAAAAAADuI\/PCQkEwYCnC0\/s400\/vicente+celestino+P.JPG\" style=\"cursor: hand; display: block; height: 400px; margin: 0px auto 10px; text-align: center; width: 400px;\" \/><\/a>Existem artistas que realmente possuem um carisma inexplic\u00e1vel, \u00e0 ponto de se eternizarem n\u00e3o apenas como uma lembran\u00e7a, mas como uma parte viva e pulsante da m\u00fasica que vence o tempo, os estilos e modismos. Este \u00e9 o caso do Vicente Celestino, considerado &#8220;A voz orgulho do Brasil&#8221;. Um cantor que durante toda a sua carreira se manteve no auge, sem oscila\u00e7\u00f5es, sempre respeitado e admirado por todos. Seu &#8216;vozer\u00e3o&#8217; e sua interpreta\u00e7\u00e3o dram\u00e1tica fizeram dele o grande tenor popular. Rom\u00e2ntico e nacionalista (no melhor sentido da palavra), sua miss\u00e3o foi sempre cantar para o povo brasileiro.<br \/>Esta \u00e9 a segunda vez que eu posto um disco do Vicente Celestino aqui no blog. Curiosamente este foi o artista que mais deu &#8216;ibope&#8217; ao lado da pol\u00eamica postagem da fita do Jo\u00e3o Gilberto. Desta vez eu trago para voc\u00eas um disco que pega a gente logo pelo visual. Vejam s\u00f3 que capa bacana, numa atmosfera rom\u00e2ntica e estilo cinematogr\u00e1fico, temos estampadas as figuras de Vicente e sua eterna companheira, Gilda Abreu. Parece mesmo um cartaz de filme hollywoodiano e faz sentido, afinal Gilda era entre outras coisas, cineasta e participa do disco na faixa &#8220;Aleluia&#8221;, composi\u00e7\u00e3o sua em parceria com Francisco Mignone.  No \u00e1lbum, lan\u00e7ado em 1960, temos o cantor interpretando Vinicius de Moraes em sua bel\u00edssima &#8220;Serenata do adeus, Ataulfo Alves em &#8220;Serenata&#8221;, &#8220;Saudade&#8221; de Dorival Caymmi e Fernano L\u00f4bo, entre outros&#8230;<\/p>\n<div align=\"center\">.<\/div>\n<div align=\"center\">alma e cora\u00e7\u00e3o<\/div>\n<div align=\"center\">serenata do adeus<\/div>\n<div align=\"center\">fim de romance<\/div>\n<div align=\"center\">saudade<\/div>\n<div align=\"center\">desta vez<\/div>\n<div align=\"center\">alma de adeus<\/div>\n<div align=\"center\">creio em ti<\/div>\n<div align=\"center\">seresta<\/div>\n<div align=\"center\">viajante<\/div>\n<div align=\"center\">o fado<\/div>\n<div align=\"center\">pe\u00e7o a deus<\/div>\n<div align=\"center\">aleluia<\/div>\n<div align=\"center\"><\/div>\n<div align=\"center\"><\/div>\n<div align=\"center\"><\/div>\n<div align=\"center\"><\/div>\n","protected":false},"excerpt":{"rendered":"<p>Existem artistas que realmente possuem um carisma inexplic\u00e1vel, \u00e0 ponto de se eternizarem n\u00e3o apenas como uma lembran\u00e7a, mas como uma parte viva e pulsante da m\u00fasica que vence o tempo, os estilos e modismos. Este \u00e9 o caso do &hellip; <a href=\"https:\/\/www.toque-musicall.com\/?p=1230\">Continue lendo <span class=\"meta-nav\">&rarr;<\/span><\/a><\/p>\n","protected":false},"author":1,"featured_media":0,"comment_status":"open","ping_status":"closed","sticky":false,"template":"","format":"standard","meta":{"footnotes":""},"categories":[70,756],"tags":[],"class_list":["post-1230","post","type-post","status-publish","format-standard","hentry","category-selo-rca-victor","category-vicente-celestino"],"_links":{"self":[{"href":"https:\/\/www.toque-musicall.com\/index.php?rest_route=\/wp\/v2\/posts\/1230","targetHints":{"allow":["GET"]}}],"collection":[{"href":"https:\/\/www.toque-musicall.com\/index.php?rest_route=\/wp\/v2\/posts"}],"about":[{"href":"https:\/\/www.toque-musicall.com\/index.php?rest_route=\/wp\/v2\/types\/post"}],"author":[{"embeddable":true,"href":"https:\/\/www.toque-musicall.com\/index.php?rest_route=\/wp\/v2\/users\/1"}],"replies":[{"embeddable":true,"href":"https:\/\/www.toque-musicall.com\/index.php?rest_route=%2Fwp%2Fv2%2Fcomments&post=1230"}],"version-history":[{"count":0,"href":"https:\/\/www.toque-musicall.com\/index.php?rest_route=\/wp\/v2\/posts\/1230\/revisions"}],"wp:attachment":[{"href":"https:\/\/www.toque-musicall.com\/index.php?rest_route=%2Fwp%2Fv2%2Fmedia&parent=1230"}],"wp:term":[{"taxonomy":"category","embeddable":true,"href":"https:\/\/www.toque-musicall.com\/index.php?rest_route=%2Fwp%2Fv2%2Fcategories&post=1230"},{"taxonomy":"post_tag","embeddable":true,"href":"https:\/\/www.toque-musicall.com\/index.php?rest_route=%2Fwp%2Fv2%2Ftags&post=1230"}],"curies":[{"name":"wp","href":"https:\/\/api.w.org\/{rel}","templated":true}]}}