{"id":1231,"date":"2009-04-13T09:42:00","date_gmt":"2009-04-13T09:42:00","guid":{"rendered":"http:\/\/www.toque-musicall.com\/?p=1231"},"modified":"2009-04-13T09:42:00","modified_gmt":"2009-04-13T09:42:00","slug":"lucio-alves-serestas-1957","status":"publish","type":"post","link":"https:\/\/www.toque-musicall.com\/?p=1231","title":{"rendered":"Lucio Alves &#8211; Serestas (1957)"},"content":{"rendered":"<div align=\"left\"><a href=\"http:\/\/3.bp.blogspot.com\/_DSKVEvHtskc\/SeMJSGrlQNI\/AAAAAAAADt4\/xkCOoj818Ew\/s1600-h\/Lucio+Alves+P.JPG\"><img decoding=\"async\" id=\"BLOGGER_PHOTO_ID_5324109391117762770\" style=\"DISPLAY: block; MARGIN: 0px auto 10px; WIDTH: 400px; CURSOR: hand; HEIGHT: 400px; TEXT-ALIGN: center\" alt=\"\" src=\"http:\/\/3.bp.blogspot.com\/_DSKVEvHtskc\/SeMJSGrlQNI\/AAAAAAAADt4\/xkCOoj818Ew\/s400\/Lucio+Alves+P.JPG\" border=\"0\" \/><\/a>Bom dia a todos! Iniciando a semana, vamos mais uma vez de serestas, agora na companhia do singular L\u00facio Alves. Cantor e compositor que dispensa maiores apresenta\u00e7\u00f5es. Iniciou sua carreira art\u00edstica ainda menino, formando o grupo vocal Namorados da Lua. Foi tamb\u00e9m integrante do grupo Anjos do Inferno por pouco mais de um ano e com o qual viajou em turn\u00ea pelo M\u00e9xico, Estados Unidos e Cuba. Ao voltar ao Brasil retoma em carreira solo, compondo, mas tamb\u00e9m gravando m\u00fasicas de outros compositores. Seu estilo diferente e moderno acaba o levando naturalmente para o lado daqueles que tamb\u00e9m inovavam na m\u00fasica brasileira, como Radam\u00e9s e Jobim. L\u00facio \u00e9 por essas e outras considerado um &#8216;pre-bossanovista&#8217;, movimento o qual ele tamb\u00e9m veio a participar. Para se ter uma ideia melhor deste grande artista, e hoje trago o primeiro lp gravado por ele.<\/div>\n<div align=\"left\">&#8220;Serestas&#8221;, lan\u00e7ado em 1957, foi seu primeiro disco gravado em 33 rpm, um vinil raro em todos os sentidos. A come\u00e7ar pelo formato, oito m\u00fasicas num disco de 12 polegadas. At\u00e9 ent\u00e3o, outros &#8216;Long Plays&#8217; para oito faixas eram de 10 polegadas. Me parece que apenas a Mocambo trabalhava nessa linha. Outra quest\u00e3o rara diz respeito a forma como este disco foi feito. L\u00facio Alves teve total liberdade na hora da grava\u00e7\u00e3o. Apenas ele e o viol\u00e3o, cantando de maneira muito intimista, coisa rara de se ver (e ouvir) naqueles tempos. O lado A \u00e9 todo dedicado \u00e0 dupla Silvio Caldas e Orestes Barbosa. N\u00e3o sei se este disco est\u00e1 entre os 300 (mais) importantes (ups!) rec\u00e9m classificados no livro do Charles Gavin, mas deveria. <\/div>\n<div align=\"center\"> <\/div>\n<div align=\"center\">.<\/div>\n<div align=\"center\">serenata<\/div>\n<div align=\"center\">ch\u00e3o de estrelas<\/div>\n<div align=\"center\">suburbana<\/div>\n<div align=\"center\">arranha c\u00e9u<\/div>\n<div align=\"center\">m\u00e1goas de um caboclo<\/div>\n<div align=\"center\">n\u00e3o voltar\u00e1s<\/div>\n<div align=\"center\">se tu soubesses<\/div>\n<div align=\"center\">sorris da minha dor<\/div>\n<div align=\"center\"><\/div>\n<div align=\"center\"><\/div>\n<div align=\"center\"> <\/div>\n<div align=\"center\"> <\/div>\n","protected":false},"excerpt":{"rendered":"<p>Bom dia a todos! Iniciando a semana, vamos mais uma vez de serestas, agora na companhia do singular L\u00facio Alves. Cantor e compositor que dispensa maiores apresenta\u00e7\u00f5es. Iniciou sua carreira art\u00edstica ainda menino, formando o grupo vocal Namorados da Lua. &hellip; <a href=\"https:\/\/www.toque-musicall.com\/?p=1231\">Continue lendo <span class=\"meta-nav\">&rarr;<\/span><\/a><\/p>\n","protected":false},"author":1,"featured_media":0,"comment_status":"open","ping_status":"closed","sticky":false,"template":"","format":"standard","meta":{"footnotes":""},"categories":[645],"tags":[],"class_list":["post-1231","post","type-post","status-publish","format-standard","hentry","category-lucio-alves"],"_links":{"self":[{"href":"https:\/\/www.toque-musicall.com\/index.php?rest_route=\/wp\/v2\/posts\/1231","targetHints":{"allow":["GET"]}}],"collection":[{"href":"https:\/\/www.toque-musicall.com\/index.php?rest_route=\/wp\/v2\/posts"}],"about":[{"href":"https:\/\/www.toque-musicall.com\/index.php?rest_route=\/wp\/v2\/types\/post"}],"author":[{"embeddable":true,"href":"https:\/\/www.toque-musicall.com\/index.php?rest_route=\/wp\/v2\/users\/1"}],"replies":[{"embeddable":true,"href":"https:\/\/www.toque-musicall.com\/index.php?rest_route=%2Fwp%2Fv2%2Fcomments&post=1231"}],"version-history":[{"count":0,"href":"https:\/\/www.toque-musicall.com\/index.php?rest_route=\/wp\/v2\/posts\/1231\/revisions"}],"wp:attachment":[{"href":"https:\/\/www.toque-musicall.com\/index.php?rest_route=%2Fwp%2Fv2%2Fmedia&parent=1231"}],"wp:term":[{"taxonomy":"category","embeddable":true,"href":"https:\/\/www.toque-musicall.com\/index.php?rest_route=%2Fwp%2Fv2%2Fcategories&post=1231"},{"taxonomy":"post_tag","embeddable":true,"href":"https:\/\/www.toque-musicall.com\/index.php?rest_route=%2Fwp%2Fv2%2Ftags&post=1231"}],"curies":[{"name":"wp","href":"https:\/\/api.w.org\/{rel}","templated":true}]}}