{"id":1232,"date":"2009-04-12T11:20:00","date_gmt":"2009-04-12T11:20:00","guid":{"rendered":"http:\/\/www.toque-musicall.com\/?p=1232"},"modified":"2009-04-12T11:20:00","modified_gmt":"2009-04-12T11:20:00","slug":"carlos-poyares-seresta-a-moda-antiga-1982","status":"publish","type":"post","link":"https:\/\/www.toque-musicall.com\/?p=1232","title":{"rendered":"Carlos Poyares &#8211; Seresta A Moda Antiga (1982)"},"content":{"rendered":"<div align=\"left\"><a href=\"http:\/\/3.bp.blogspot.com\/_DSKVEvHtskc\/SeHOuzcc-NI\/AAAAAAAADtw\/Pnqb3evG2vg\/s1600-h\/carlos+Poyares+-+seresta+a+moda+antiga+P.JPG\"><img decoding=\"async\" id=\"BLOGGER_PHOTO_ID_5323763538007488722\" style=\"DISPLAY: block; MARGIN: 0px auto 10px; WIDTH: 400px; CURSOR: hand; HEIGHT: 399px; TEXT-ALIGN: center\" alt=\"\" src=\"http:\/\/3.bp.blogspot.com\/_DSKVEvHtskc\/SeHOuzcc-NI\/AAAAAAAADtw\/Pnqb3evG2vg\/s400\/carlos+Poyares+-+seresta+a+moda+antiga+P.JPG\" border=\"0\" \/><\/a>Bom dia a todos! Uma boa P\u00e1scoa, cheia de paz, chocolate e m\u00fasica para abrir a mente e o cora\u00e7\u00e3o. Hoje, mais uma vez recorro \u00e0s minhas reservas para momentos como este em que estou fora da cidade e longe do acervo. Dentro do que tenho \u00e0 m\u00e3o, escolhi para este dia um disco do flautista Carlos Poyares, que mais uma vez vem nos trazer sua arte. Em novembro de 2007 eu cheguei a postar seu excelente \u00e1lbum, <a href=\"http:\/\/toque-musicall.blogspot.com\/2007\/11\/carlos-poyares-som-de-prata-flauta-de.html\">&#8220;Som de prata, flauta de lata&#8221;<\/a>, mas foi apresentado sem um texto introdut\u00f3rio. Desta vez, eu aproveito para apresent\u00e1-los aos que ainda n\u00e3o o conhecem.<\/div>\n<div align=\"left\">Carlos Poyares, um flautista brasileiro, nascido em Colatina, Esp\u00edrito Santo. Nos anos 50 foi para o Rio de Janeiro trabalhar no r\u00e1dio. N\u00e3o demorou muito para ser escalado como o substituto de Altamiro Carrilho no Regional do Canhoto, tocando na R\u00e1dio Mayrink Veiga. Seu repert\u00f3rio sempre foi dedicado ao choro, samba e valsas. Sempre muito atuante, tocou com os mais diversos e famosos artistas como, Orlando Silva, Silvio Caldas, Nelson Gon\u00e7alves, Dolores Duram, Luis Vieira, M\u00e1rio Zan, Luis Gonzaga, Jackson do Pandeiro, Vicente Celestino, Valdir Azevedo, Tom Jobim e outros. Instrumentista premiado, ganhou por tr\u00eas vezes com o melhor disco do ano (em 1965, 75 e 80). Se n\u00e3o bastasse, ele foi ainda um estudioso da m\u00fasica instrumental brasileira, pesquisador da obra de Pixinguinha. Fundou a Escola de M\u00fasica da Facudade de Pen\u00e1polis, em S\u00e3o Paulo. Criou e dirigiu a Escola do Choro em Bras\u00edlia. Representou o Brasil por v\u00e1rias vezes em excurs\u00f5es e apresenta\u00e7\u00f5es na Europa, Jap\u00e3o e alguns pa\u00edses da Am\u00e9rica Latina. Resumidamente, sua atua\u00e7\u00e3o foi explendida e h\u00e1 muito mais a ser dito sobre este grande instrumentista, o espa\u00e7o e o tempo \u00e9 que s\u00e3o pequenos.<\/div>\n<div align=\"left\">Neste disco, que curiosamente n\u00e3o aparece em sua discografia, temos o artista interpretando ao lado de seu conjunto algumas das mais conhecidas m\u00fasicas do repert\u00f3rio seresteiro aos moldes de antigamente. Lan\u00e7ado em 1982 pelo selo Marcus Pereira. Confiram&#8230;<\/div>\n<div align=\"center\"><\/div>\n<div align=\"center\">.<\/div>\n<div align=\"center\">caprichos do destino<\/div>\n<div align=\"center\">se ela perguntar<\/div>\n<div align=\"center\">alama dos violinos<\/div>\n<div align=\"center\">s\u00faplica<\/div>\n<div align=\"center\">neusa<\/div>\n<div align=\"center\">misterioso amor<\/div>\n<div align=\"center\">flor do mal<\/div>\n<div align=\"center\">nancy<\/div>\n<div align=\"center\">l\u00e1bios que beijei<\/div>\n<div align=\"center\">fascina\u00e7\u00e3o<\/div>\n<div align=\"center\">l\u00e1grimas de virgem<\/div>\n<div align=\"center\">mimi<\/div>\n<div align=\"center\"><\/div>\n<div align=\"center\"><\/div>\n<div align=\"center\"><\/div>\n<div align=\"center\"><\/div>\n","protected":false},"excerpt":{"rendered":"<p>Bom dia a todos! Uma boa P\u00e1scoa, cheia de paz, chocolate e m\u00fasica para abrir a mente e o cora\u00e7\u00e3o. Hoje, mais uma vez recorro \u00e0s minhas reservas para momentos como este em que estou fora da cidade e longe &hellip; <a href=\"https:\/\/www.toque-musicall.com\/?p=1232\">Continue lendo <span class=\"meta-nav\">&rarr;<\/span><\/a><\/p>\n","protected":false},"author":1,"featured_media":0,"comment_status":"open","ping_status":"closed","sticky":false,"template":"","format":"standard","meta":{"footnotes":""},"categories":[657],"tags":[],"class_list":["post-1232","post","type-post","status-publish","format-standard","hentry","category-carlos-poyares"],"_links":{"self":[{"href":"https:\/\/www.toque-musicall.com\/index.php?rest_route=\/wp\/v2\/posts\/1232","targetHints":{"allow":["GET"]}}],"collection":[{"href":"https:\/\/www.toque-musicall.com\/index.php?rest_route=\/wp\/v2\/posts"}],"about":[{"href":"https:\/\/www.toque-musicall.com\/index.php?rest_route=\/wp\/v2\/types\/post"}],"author":[{"embeddable":true,"href":"https:\/\/www.toque-musicall.com\/index.php?rest_route=\/wp\/v2\/users\/1"}],"replies":[{"embeddable":true,"href":"https:\/\/www.toque-musicall.com\/index.php?rest_route=%2Fwp%2Fv2%2Fcomments&post=1232"}],"version-history":[{"count":0,"href":"https:\/\/www.toque-musicall.com\/index.php?rest_route=\/wp\/v2\/posts\/1232\/revisions"}],"wp:attachment":[{"href":"https:\/\/www.toque-musicall.com\/index.php?rest_route=%2Fwp%2Fv2%2Fmedia&parent=1232"}],"wp:term":[{"taxonomy":"category","embeddable":true,"href":"https:\/\/www.toque-musicall.com\/index.php?rest_route=%2Fwp%2Fv2%2Fcategories&post=1232"},{"taxonomy":"post_tag","embeddable":true,"href":"https:\/\/www.toque-musicall.com\/index.php?rest_route=%2Fwp%2Fv2%2Ftags&post=1232"}],"curies":[{"name":"wp","href":"https:\/\/api.w.org\/{rel}","templated":true}]}}